{"id":1165,"date":"2025-01-15T19:57:00","date_gmt":"2025-01-15T19:57:00","guid":{"rendered":"https:\/\/intellerzone.com\/?p=1165"},"modified":"2025-05-21T01:05:35","modified_gmt":"2025-05-21T01:05:35","slug":"elektrikli-araclar-ve-yapay-zeka-teknolojileriyle-gelecegi-sekillendiren-sirket-tesla","status":"publish","type":"post","link":"https:\/\/intellerzone.com\/tr\/elektrikli-araclar-ve-yapay-zeka-teknolojileriyle-gelecegi-sekillendiren-sirket-tesla\/","title":{"rendered":"Elektrikli Ara\u00e7lar ve Yapay Zeka Teknolojileriyle Gelece\u011fi \u015eekillendiren \u015eirket: TESLA"},"content":{"rendered":"<p>Tesla, Inc., 2003 y\u0131l\u0131nda <em>Elon Musk<\/em>, <em>Martin Eberhard<\/em>, <em>Marc Tarpenning<\/em>, <em>JB Straubel<\/em> ve <em>Ian Wright<\/em> taraf\u0131ndan kurulan ve \u00e7evre dostu teknoloji ve inovasyon alan\u0131nda d\u00fcnyan\u0131n lider \u015firketlerinden biri haline gelen bir Amerikan teknoloji ve otomotiv \u015firketidir. \u015eirket, elektrikli ara\u00e7lar (EV), enerji depolama \u00e7\u00f6z\u00fcmleri ve yapay zeka teknolojileri ile s\u00fcrd\u00fcr\u00fclebilir enerjiye ge\u00e7i\u015fi h\u0131zland\u0131rmay\u0131 ama\u00e7lamaktad\u0131r. Elon Musk, Tesla&#8217;ya erken d\u00f6nemde yat\u0131r\u0131m yaparak ve \u015firketin y\u00f6netiminde \u00f6nemli bir rol oynayarak, \u015firketin k\u00fcresel bir marka haline gelmesinde kritik bir etki yaratm\u0131\u015ft\u0131r.<\/p>\n\n\n\n<p>Bu makalede, Tesla\u2019n\u0131n \u00fcr\u00fcn yelpazesi, \u00f6zellikle otomotiv sekt\u00f6r\u00fcndeki elektrikli ara\u00e7lar\u0131 ve yapay zeka tabanl\u0131 robot teknolojileri detayl\u0131 olarak incelenecektir.<\/p>\n\n\n\n<h3 class=\"wp-block-heading\"><strong>Elektrikli Ara\u00e7lar: Performans ve Teknolojinin Zirvesi<\/strong><\/h3>\n\n\n\n<p>Tesla, elektrikli otomobil pazar\u0131nda \u00f6nc\u00fc rol oynayarak sekt\u00f6rde k\u00f6kl\u00fc bir d\u00f6n\u00fc\u015f\u00fcm yaratm\u0131\u015ft\u0131r. Her model, yenilik\u00e7i tasar\u0131m\u0131, \u00fcst\u00fcn performans\u0131 ve uzun menzil kapasitesiyle \u00f6ne \u00e7\u0131kmaktad\u0131r.<\/p>\n\n\n\n<h2 class=\"wp-block-heading\"><strong>Tesla\u2019n\u0131n Elektrikli Ara\u00e7 Modelleri<\/strong><\/h2>\n\n\n\n<h3 class=\"wp-block-heading\"><strong>Tesla Model S<\/strong><\/h3>\n\n\n\n<figure class=\"wp-block-image size-full is-style-default\"><img fetchpriority=\"high\" decoding=\"async\" width=\"979\" height=\"548\" src=\"https:\/\/intellerzone.com\/wp-content\/uploads\/2025\/01\/tesla-model-s-1.jpg\" alt=\"\" class=\"wp-image-1169\" title=\"\" srcset=\"https:\/\/intellerzone.com\/wp-content\/uploads\/2025\/01\/tesla-model-s-1.jpg 979w, https:\/\/intellerzone.com\/wp-content\/uploads\/2025\/01\/tesla-model-s-1-300x168.jpg 300w, https:\/\/intellerzone.com\/wp-content\/uploads\/2025\/01\/tesla-model-s-1-768x430.jpg 768w, https:\/\/intellerzone.com\/wp-content\/uploads\/2025\/01\/tesla-model-s-1-18x10.jpg 18w, https:\/\/intellerzone.com\/wp-content\/uploads\/2025\/01\/tesla-model-s-1-640x358.jpg 640w, https:\/\/intellerzone.com\/wp-content\/uploads\/2025\/01\/tesla-model-s-1-600x336.jpg 600w\" sizes=\"(max-width: 979px) 100vw, 979px\" \/><figcaption class=\"wp-element-caption\">Kaynak: tesla.com<\/figcaption><\/figure>\n\n\n\n<p>2012 y\u0131l\u0131nda piyasaya s\u00fcr\u00fclen Model S, Tesla\u2019n\u0131n premium sedan modelidir. Elektrikli ara\u00e7lar aras\u0131nda uzun menzil (\u00fczerine 400 mil), h\u0131zl\u0131 ivmelenme (0-100 km\/s h\u0131zlanma 2.1 saniye) ve otonom s\u00fcr\u00fc\u015f deste\u011fi ile dikkat \u00e7ekmektedir.<\/p>\n\n\n\n<figure class=\"wp-block-table\"><table class=\"has-fixed-layout\"><thead><tr><th><strong>\u00d6zellik<\/strong><\/th><th><strong>Detaylar<\/strong><\/th><\/tr><\/thead><tbody><tr><td><strong>\u00c7\u0131k\u0131\u015f Y\u0131l\u0131<\/strong><\/td><td>2012<\/td><\/tr><tr><td><strong>Menzil (WLTP)<\/strong><\/td><td>400 milin \u00fczerinde<\/td><\/tr><tr><td><strong>\u0130vme (0-100 km\/s)<\/strong><\/td><td>2.1 saniye<\/td><\/tr><tr><td><strong>Azami H\u0131z<\/strong><\/td><td>250 km\/s<\/td><\/tr><tr><td><strong>G\u00fc\u00e7 Aktar\u0131m Mekanizmas\u0131<\/strong><\/td><td>\u00c7ift Motor<\/td><\/tr><tr><td><strong>Ara\u00e7 G\u00fcc\u00fc<\/strong><\/td><td>670 hp<\/td><\/tr><tr><td><strong>S\u00fcrt\u00fcnme Katsay\u0131s\u0131<\/strong><\/td><td>0.24 Cd<\/td><\/tr><tr><td><strong>Bo\u015f K\u00fctle<\/strong><\/td><td>2,100 kg<\/td><\/tr><tr><td><strong>Bagaj Kapasitesi<\/strong><\/td><td>793 litre<\/td><\/tr><tr><td><strong>Enerji T\u00fcketimi<\/strong><\/td><td>15-18 kWh\/100 km<\/td><\/tr><tr><td><strong>CO2 Emisyonlar\u0131<\/strong><\/td><td>0 g\/km<\/td><\/tr><tr><td><strong>S\u00fcper\u015farj H\u0131z\u0131<\/strong><\/td><td>250 kW<\/td><\/tr><tr><td><strong>Garanti<\/strong><\/td><td>4 y\u0131l veya 80.000 km (Temel)<\/td><\/tr><tr><td><\/td><td>8 y\u0131l veya 240.000 km (Batarya\/Tahrik \u00dcnitesi)<\/td><\/tr><\/tbody><\/table><\/figure>\n\n\n\n<h3 class=\"wp-block-heading\"><strong>Tesla Model 3<\/strong><\/h3>\n\n\n\n<figure class=\"wp-block-image size-full\"><img decoding=\"async\" width=\"939\" height=\"554\" src=\"https:\/\/intellerzone.com\/wp-content\/uploads\/2025\/01\/tesla-model-3.jpg\" alt=\"\" class=\"wp-image-1170\" srcset=\"https:\/\/intellerzone.com\/wp-content\/uploads\/2025\/01\/tesla-model-3.jpg 939w, https:\/\/intellerzone.com\/wp-content\/uploads\/2025\/01\/tesla-model-3-300x177.jpg 300w, https:\/\/intellerzone.com\/wp-content\/uploads\/2025\/01\/tesla-model-3-768x453.jpg 768w, https:\/\/intellerzone.com\/wp-content\/uploads\/2025\/01\/tesla-model-3-18x12.jpg 18w, https:\/\/intellerzone.com\/wp-content\/uploads\/2025\/01\/tesla-model-3-640x378.jpg 640w, https:\/\/intellerzone.com\/wp-content\/uploads\/2025\/01\/tesla-model-3-600x354.jpg 600w\" sizes=\"(max-width: 939px) 100vw, 939px\" \/><figcaption class=\"wp-element-caption\">Kaynak: tesla.com<\/figcaption><\/figure>\n\n\n\n<p>Daha uygun fiyatl\u0131 bir se\u00e7enek olan Model 3, Tesla\u2019n\u0131n elektrikli ara\u00e7lar\u0131n\u0131 genis kitlelere ula\u015ft\u0131rma amac\u0131n\u0131 ger\u00e7ekle\u015ftirmi\u015ftir. 350 milin \u00fczerinde menzil sunar ve ileri d\u00fczey otonom s\u00fcr\u00fc\u015f \u00f6zelliklerine sahiptir.<\/p>\n\n\n\n<figure class=\"wp-block-table\"><table class=\"has-fixed-layout\"><thead><tr><th><strong>\u00d6zellik<\/strong><\/th><th><strong>Detaylar<\/strong><\/th><\/tr><\/thead><tbody><tr><td><strong>\u00c7\u0131k\u0131\u015f Y\u0131l\u0131<\/strong><\/td><td>2017<\/td><\/tr><tr><td><strong>Menzil (WLTP)<\/strong><\/td><td>568 km<\/td><\/tr><tr><td><strong>\u0130vme (0-100 km\/s)<\/strong><\/td><td>3.1 saniye<\/td><\/tr><tr><td><strong>Azami H\u0131z<\/strong><\/td><td>225 km\/s<\/td><\/tr><tr><td><strong>G\u00fc\u00e7 Aktar\u0131m Mekanizmas\u0131<\/strong><\/td><td>\u00c7ift Motor<\/td><\/tr><tr><td><strong>Ara\u00e7 G\u00fcc\u00fc<\/strong><\/td><td>462 hp<\/td><\/tr><tr><td><strong>S\u00fcrt\u00fcnme Katsay\u0131s\u0131<\/strong><\/td><td>0.23 Cd<\/td><\/tr><tr><td><strong>Bo\u015f K\u00fctle<\/strong><\/td><td>1,611 kg<\/td><\/tr><tr><td><strong>Bagaj Kapasitesi<\/strong><\/td><td>425 litre<\/td><\/tr><tr><td><strong>Enerji T\u00fcketimi<\/strong><\/td><td>14.7 kWh\/100 km<\/td><\/tr><tr><td><strong>CO2 Emisyonlar\u0131<\/strong><\/td><td>0 g\/km<\/td><\/tr><tr><td><strong>S\u00fcper\u015farj H\u0131z\u0131<\/strong><\/td><td>250 kW<\/td><\/tr><tr><td><strong>Garanti<\/strong><\/td><td>4 y\u0131l veya 80.000 km (Temel)<\/td><\/tr><tr><td><\/td><td>8 y\u0131l veya 192.000 km (Batarya\/Tahrik \u00dcnitesi)<\/td><\/tr><\/tbody><\/table><\/figure>\n\n\n\n<h3 class=\"wp-block-heading\"><strong>Tesla Model X<\/strong><\/h3>\n\n\n\n<figure class=\"wp-block-image size-full\"><img decoding=\"async\" width=\"969\" height=\"564\" src=\"https:\/\/intellerzone.com\/wp-content\/uploads\/2025\/01\/tesla-model-x.jpg\" alt=\"\" class=\"wp-image-1171\" srcset=\"https:\/\/intellerzone.com\/wp-content\/uploads\/2025\/01\/tesla-model-x.jpg 969w, https:\/\/intellerzone.com\/wp-content\/uploads\/2025\/01\/tesla-model-x-300x175.jpg 300w, https:\/\/intellerzone.com\/wp-content\/uploads\/2025\/01\/tesla-model-x-768x447.jpg 768w, https:\/\/intellerzone.com\/wp-content\/uploads\/2025\/01\/tesla-model-x-18x10.jpg 18w, https:\/\/intellerzone.com\/wp-content\/uploads\/2025\/01\/tesla-model-x-640x373.jpg 640w, https:\/\/intellerzone.com\/wp-content\/uploads\/2025\/01\/tesla-model-x-600x349.jpg 600w\" sizes=\"(max-width: 969px) 100vw, 969px\" \/><figcaption class=\"wp-element-caption\">Kaynak: tesla.com<\/figcaption><\/figure>\n\n\n\n<p>SUV segmentinde yer alan Model X, falcon wing kap\u0131lar\u0131 ve geni\u015f i\u00e7 hacmi ile dikkat \u00e7eker. Ayn\u0131 zamanda g\u00fcvenlik \u00f6zellikleri ile \u00f6ne \u00e7\u0131kmaktad\u0131r.<\/p>\n\n\n\n<figure class=\"wp-block-table\"><table class=\"has-fixed-layout\"><thead><tr><th><strong>\u00d6zellik<\/strong><\/th><th><strong>Detaylar<\/strong><\/th><\/tr><\/thead><tbody><tr><td><strong>\u00c7\u0131k\u0131\u015f Y\u0131l\u0131<\/strong><\/td><td>2015<\/td><\/tr><tr><td><strong>Menzil (WLTP)<\/strong><\/td><td>561 km<\/td><\/tr><tr><td><strong>\u0130vme (0-100 km\/s)<\/strong><\/td><td>3.8 saniye<\/td><\/tr><tr><td><strong>Azami H\u0131z<\/strong><\/td><td>250 km\/s<\/td><\/tr><tr><td><strong>G\u00fc\u00e7 Aktar\u0131m Mekanizmas\u0131<\/strong><\/td><td>\u00c7ift Motor<\/td><\/tr><tr><td><strong>Ara\u00e7 G\u00fcc\u00fc<\/strong><\/td><td>762 hp<\/td><\/tr><tr><td><strong>S\u00fcrt\u00fcnme Katsay\u0131s\u0131<\/strong><\/td><td>0.24 Cd<\/td><\/tr><tr><td><strong>Bo\u015f K\u00fctle<\/strong><\/td><td>2,500 kg<\/td><\/tr><tr><td><strong>Bagaj Kapasitesi<\/strong><\/td><td>2,577 litre (koltuklar katland\u0131\u011f\u0131nda)<\/td><\/tr><tr><td><strong>Enerji T\u00fcketimi<\/strong><\/td><td>19.6 kWh\/100 km<\/td><\/tr><tr><td><strong>CO2 Emisyonlar\u0131<\/strong><\/td><td>0 g\/km<\/td><\/tr><tr><td><strong>S\u00fcper\u015farj H\u0131z\u0131<\/strong><\/td><td>250 kW<\/td><\/tr><tr><td><strong>Garanti<\/strong><\/td><td>4 y\u0131l veya 80.000 km (Temel)<\/td><\/tr><tr><td><\/td><td>8 y\u0131l veya 240.000 km (Batarya\/Tahrik \u00dcnitesi)<\/td><\/tr><\/tbody><\/table><\/figure>\n\n\n\n<h3 class=\"wp-block-heading\"><strong>Tesla Model Y<\/strong><\/h3>\n\n\n\n<figure class=\"wp-block-image size-full\"><img loading=\"lazy\" decoding=\"async\" width=\"950\" height=\"544\" src=\"https:\/\/intellerzone.com\/wp-content\/uploads\/2025\/01\/tesla-model-y.jpg\" alt=\"\" class=\"wp-image-1172\" srcset=\"https:\/\/intellerzone.com\/wp-content\/uploads\/2025\/01\/tesla-model-y.jpg 950w, https:\/\/intellerzone.com\/wp-content\/uploads\/2025\/01\/tesla-model-y-300x172.jpg 300w, https:\/\/intellerzone.com\/wp-content\/uploads\/2025\/01\/tesla-model-y-768x440.jpg 768w, https:\/\/intellerzone.com\/wp-content\/uploads\/2025\/01\/tesla-model-y-18x10.jpg 18w, https:\/\/intellerzone.com\/wp-content\/uploads\/2025\/01\/tesla-model-y-640x366.jpg 640w, https:\/\/intellerzone.com\/wp-content\/uploads\/2025\/01\/tesla-model-y-600x344.jpg 600w\" sizes=\"(max-width: 950px) 100vw, 950px\" \/><figcaption class=\"wp-element-caption\">Kaynak: tesla.com<\/figcaption><\/figure>\n\n\n\n<p>Crossover SUV segmentinde konumlanan Model Y, Model 3 platformuna dayanmaktad\u0131r. Ailelere uygun geni\u015f i\u00e7 alan\u0131 ve ileri teknolojileriyle \u00e7ok tercih edilen bir modeldir.<\/p>\n\n\n\n<figure class=\"wp-block-table\"><table class=\"has-fixed-layout\"><thead><tr><th><strong>\u00d6zellik<\/strong><\/th><th><strong>Detaylar<\/strong><\/th><\/tr><\/thead><tbody><tr><td><strong>\u00c7\u0131k\u0131\u015f Y\u0131l\u0131<\/strong><\/td><td>2020<\/td><\/tr><tr><td><strong>Menzil (WLTP)<\/strong><\/td><td>505 km<\/td><\/tr><tr><td><strong>\u0130vme (0-100 km\/s)<\/strong><\/td><td>3.7 saniye<\/td><\/tr><tr><td><strong>Azami H\u0131z<\/strong><\/td><td>250 km\/s<\/td><\/tr><tr><td><strong>G\u00fc\u00e7 Aktar\u0131m Mekanizmas\u0131<\/strong><\/td><td>\u00c7ift Motor<\/td><\/tr><tr><td><strong>Ara\u00e7 G\u00fcc\u00fc<\/strong><\/td><td>450 hp<\/td><\/tr><tr><td><strong>S\u00fcrt\u00fcnme Katsay\u0131s\u0131<\/strong><\/td><td>0.23 Cd<\/td><\/tr><tr><td><strong>Bo\u015f K\u00fctle<\/strong><\/td><td>1,995 kg<\/td><\/tr><tr><td><strong>Bagaj Kapasitesi<\/strong><\/td><td>2,158 litre (koltuklar katland\u0131\u011f\u0131nda)<\/td><\/tr><tr><td><strong>Enerji T\u00fcketimi<\/strong><\/td><td>17.3 kWh\/100 km<\/td><\/tr><tr><td><strong>CO2 Emisyonlar\u0131<\/strong><\/td><td>0 g\/km<\/td><\/tr><tr><td><strong>S\u00fcper\u015farj H\u0131z\u0131<\/strong><\/td><td>250 kW<\/td><\/tr><tr><td><strong>Garanti<\/strong><\/td><td>4 y\u0131l veya 80.000 km (Temel)<\/td><\/tr><tr><td><\/td><td>8 y\u0131l veya 192.000 km (Batarya\/Tahrik \u00dcnitesi)<\/td><\/tr><\/tbody><\/table><\/figure>\n\n\n\n<h3 class=\"wp-block-heading\"><strong>Tesla Roadster<\/strong><\/h3>\n\n\n\n<figure class=\"wp-block-image size-full\"><img loading=\"lazy\" decoding=\"async\" width=\"994\" height=\"564\" src=\"https:\/\/intellerzone.com\/wp-content\/uploads\/2025\/01\/tesla-roadster.jpg\" alt=\"\" class=\"wp-image-1175\" srcset=\"https:\/\/intellerzone.com\/wp-content\/uploads\/2025\/01\/tesla-roadster.jpg 994w, https:\/\/intellerzone.com\/wp-content\/uploads\/2025\/01\/tesla-roadster-300x170.jpg 300w, https:\/\/intellerzone.com\/wp-content\/uploads\/2025\/01\/tesla-roadster-768x436.jpg 768w, https:\/\/intellerzone.com\/wp-content\/uploads\/2025\/01\/tesla-roadster-18x10.jpg 18w, https:\/\/intellerzone.com\/wp-content\/uploads\/2025\/01\/tesla-roadster-640x363.jpg 640w, https:\/\/intellerzone.com\/wp-content\/uploads\/2025\/01\/tesla-roadster-600x340.jpg 600w\" sizes=\"(max-width: 994px) 100vw, 994px\" \/><figcaption class=\"wp-element-caption\">Kaynak: tesla.com<\/figcaption><\/figure>\n\n\n\n<p>Spor araba segmentindeki Roadster, Tesla\u2019n\u0131n en h\u0131zl\u0131 modeli olup 600 milin \u00fczerinde menzil sunar ve 0-100 km\/s h\u0131zlanmas\u0131n\u0131 1.9 saniyede ger\u00e7ekle\u015ftirir.<\/p>\n\n\n\n<figure class=\"wp-block-table\"><table class=\"has-fixed-layout\"><thead><tr><th><strong>\u00d6zellik<\/strong><\/th><th><strong>Detaylar<\/strong><\/th><\/tr><\/thead><tbody><tr><td><strong>\u00c7\u0131k\u0131\u015f Y\u0131l\u0131<\/strong><\/td><td>2023<\/td><\/tr><tr><td><strong>Menzil (WLTP)<\/strong><\/td><td>1,000+ km<\/td><\/tr><tr><td><strong>\u0130vme (0-100 km\/s)<\/strong><\/td><td>1.9 saniye<\/td><\/tr><tr><td><strong>Azami H\u0131z<\/strong><\/td><td>400+ km\/s<\/td><\/tr><tr><td><strong>G\u00fc\u00e7 Aktar\u0131m Mekanizmas\u0131<\/strong><\/td><td>Tri-Motor<\/td><\/tr><tr><td><strong>Ara\u00e7 G\u00fcc\u00fc<\/strong><\/td><td>1,000+ hp<\/td><\/tr><tr><td><strong>S\u00fcrt\u00fcnme Katsay\u0131s\u0131<\/strong><\/td><td>0.208 Cd<\/td><\/tr><tr><td><strong>Bo\u015f K\u00fctle<\/strong><\/td><td>Yakla\u015f\u0131k 1,850 kg<\/td><\/tr><tr><td><strong>Bagaj Kapasitesi<\/strong><\/td><td>200 litre (\u00f6n ve arka bagaj birle\u015fik)<\/td><\/tr><tr><td><strong>Enerji T\u00fcketimi<\/strong><\/td><td>Yakla\u015f\u0131k 15-16 kWh\/100 km<\/td><\/tr><tr><td><strong>CO2 Emisyonlar\u0131<\/strong><\/td><td>0 g\/km<\/td><\/tr><tr><td><strong>S\u00fcper\u015farj H\u0131z\u0131<\/strong><\/td><td>250 kW<\/td><\/tr><tr><td><strong>Garanti<\/strong><\/td><td>4 y\u0131l veya 80.000 km (Temel)<\/td><\/tr><tr><td><\/td><td>8 y\u0131l veya 240.000 km (Batarya\/Tahrik \u00dcnitesi)<\/td><\/tr><\/tbody><\/table><\/figure>\n\n\n\n<h3 class=\"wp-block-heading\"><strong>Tesla Cybertruck<\/strong><\/h3>\n\n\n\n<figure class=\"wp-block-image size-large\"><img loading=\"lazy\" decoding=\"async\" width=\"1024\" height=\"585\" src=\"https:\/\/intellerzone.com\/wp-content\/uploads\/2025\/01\/tesla-cybertruck-1024x585.jpg\" alt=\"\" class=\"wp-image-1173\" srcset=\"https:\/\/intellerzone.com\/wp-content\/uploads\/2025\/01\/tesla-cybertruck-1024x585.jpg 1024w, https:\/\/intellerzone.com\/wp-content\/uploads\/2025\/01\/tesla-cybertruck-300x171.jpg 300w, https:\/\/intellerzone.com\/wp-content\/uploads\/2025\/01\/tesla-cybertruck-768x439.jpg 768w, https:\/\/intellerzone.com\/wp-content\/uploads\/2025\/01\/tesla-cybertruck-18x10.jpg 18w, https:\/\/intellerzone.com\/wp-content\/uploads\/2025\/01\/tesla-cybertruck-640x366.jpg 640w, https:\/\/intellerzone.com\/wp-content\/uploads\/2025\/01\/tesla-cybertruck-600x343.jpg 600w, https:\/\/intellerzone.com\/wp-content\/uploads\/2025\/01\/tesla-cybertruck.jpg 1043w\" sizes=\"(max-width: 1024px) 100vw, 1024px\" \/><figcaption class=\"wp-element-caption\">Kaynak: tesla.com<\/figcaption><\/figure>\n\n\n\n<p>F\u00fct\u00fcristik tasar\u0131ma sahip bu elektrikli pick-up, dayan\u0131kl\u0131 paslanmaz \u00e7elik yap\u0131s\u0131 ve y\u00fcksek \u00e7ekme kapasitesiyle dikkat \u00e7ekmektedir.<\/p>\n\n\n\n<figure class=\"wp-block-table\"><table class=\"has-fixed-layout\"><thead><tr><th><strong>\u00d6zellik<\/strong><\/th><th><strong>Detaylar<\/strong><\/th><\/tr><\/thead><tbody><tr><td><strong>\u00c7\u0131k\u0131\u015f Y\u0131l\u0131<\/strong><\/td><td>2023<\/td><\/tr><tr><td><strong>Menzil (WLTP)<\/strong><\/td><td>800 km ve \u00fczeri<\/td><\/tr><tr><td><strong>\u0130vme (0-100 km\/s)<\/strong><\/td><td>2.9 saniye (tri-motor)<\/td><\/tr><tr><td><strong>Azami H\u0131z<\/strong><\/td><td>210 km\/s<\/td><\/tr><tr><td><strong>G\u00fc\u00e7 Aktar\u0131m Mekanizmas\u0131<\/strong><\/td><td>Tri-Motor<\/td><\/tr><tr><td><strong>Ara\u00e7 G\u00fcc\u00fc<\/strong><\/td><td>1,000+ hp<\/td><\/tr><tr><td><strong>S\u00fcrt\u00fcnme Katsay\u0131s\u0131<\/strong><\/td><td>0.30 Cd<\/td><\/tr><tr><td><strong>Bo\u015f K\u00fctle<\/strong><\/td><td>Yakla\u015f\u0131k 2,700 kg<\/td><\/tr><tr><td><strong>Bagaj Kapasitesi<\/strong><\/td><td>2,832 litre<\/td><\/tr><tr><td><strong>Enerji T\u00fcketimi<\/strong><\/td><td>Yakla\u015f\u0131k 18 kWh\/100 km<\/td><\/tr><tr><td><strong>CO2 Emisyonlar\u0131<\/strong><\/td><td>0 g\/km<\/td><\/tr><tr><td><strong>S\u00fcper\u015farj H\u0131z\u0131<\/strong><\/td><td>250 kW<\/td><\/tr><tr><td><strong>Garanti<\/strong><\/td><td>4 y\u0131l veya 80.000 km (Temel)<\/td><\/tr><tr><td><\/td><td>8 y\u0131l veya 240.000 km (Batarya\/Tahrik \u00dcnitesi)<\/td><\/tr><\/tbody><\/table><\/figure>\n\n\n\n<h3 class=\"wp-block-heading\"><strong>Tesla Semi<\/strong><\/h3>\n\n\n\n<figure class=\"wp-block-image size-large\"><img loading=\"lazy\" decoding=\"async\" width=\"1024\" height=\"526\" src=\"https:\/\/intellerzone.com\/wp-content\/uploads\/2025\/01\/tesla-semi-1024x526.jpg\" alt=\"\" class=\"wp-image-1174\" srcset=\"https:\/\/intellerzone.com\/wp-content\/uploads\/2025\/01\/tesla-semi-1024x526.jpg 1024w, https:\/\/intellerzone.com\/wp-content\/uploads\/2025\/01\/tesla-semi-300x154.jpg 300w, https:\/\/intellerzone.com\/wp-content\/uploads\/2025\/01\/tesla-semi-768x394.jpg 768w, https:\/\/intellerzone.com\/wp-content\/uploads\/2025\/01\/tesla-semi-18x9.jpg 18w, https:\/\/intellerzone.com\/wp-content\/uploads\/2025\/01\/tesla-semi-640x328.jpg 640w, https:\/\/intellerzone.com\/wp-content\/uploads\/2025\/01\/tesla-semi-600x308.jpg 600w, https:\/\/intellerzone.com\/wp-content\/uploads\/2025\/01\/tesla-semi.jpg 1438w\" sizes=\"(max-width: 1024px) 100vw, 1024px\" \/><figcaption class=\"wp-element-caption\">Kaynak: tesla.com<\/figcaption><\/figure>\n\n\n\n<p>Ticari ta\u015f\u0131mac\u0131l\u0131kta \u00e7evreci bir \u00e7\u00f6z\u00fcm sunan Tesla Semi, uzun menzili ve d\u00fc\u015f\u00fck i\u015fletme maliyetleri ile lojistik sekt\u00f6r\u00fcnde devrim yaratm\u0131\u015ft\u0131r.<\/p>\n\n\n\n<figure class=\"wp-block-table\"><table class=\"has-fixed-layout\"><thead><tr><th><strong>\u00d6zellik<\/strong><\/th><th><strong>Detaylar<\/strong><\/th><\/tr><\/thead><tbody><tr><td><strong>\u00c7\u0131k\u0131\u015f Y\u0131l\u0131<\/strong><\/td><td>Beklenen 2026<\/td><\/tr><tr><td><strong>Menzil (WLTP)<\/strong><\/td><td>300 veya 500 mil<\/td><\/tr><tr><td><strong>\u0130vme (0-60 mph)<\/strong><\/td><td>20 saniye (tam y\u00fckl\u00fc)<\/td><\/tr><tr><td><strong>Azami H\u0131z<\/strong><\/td><td>Otoyol h\u0131z limitine g\u00f6re<\/td><\/tr><tr><td><strong>G\u00fc\u00e7 Aktar\u0131m Mekanizmas\u0131<\/strong><\/td><td>3 ba\u011f\u0131ms\u0131z motor (arka akslar)<\/td><\/tr><tr><td><strong>Enerji T\u00fcketimi<\/strong><\/td><td>Kilometre ba\u015f\u0131na 2 kWh&#8217;den az<\/td><\/tr><tr><td><strong>Yak\u0131t Tasarrufu (tahmini)<\/strong><\/td><td>3 y\u0131l i\u00e7inde $200,000&#8217;a kadar<\/td><\/tr><tr><td><strong>S\u00fcper\u015farj H\u0131z\u0131<\/strong><\/td><td>30 dakikada %70 menzil<\/td><\/tr><tr><td><strong>Garanti<\/strong><\/td><td>4 y\u0131l veya 80.000 km (Temel)<\/td><\/tr><tr><td><\/td><td>8 y\u0131l veya 240.000 km (Batarya\/Tahrik \u00dcnitesi)<\/td><\/tr><\/tbody><\/table><\/figure>\n\n\n\n<h2 class=\"wp-block-heading\"><strong>Tesla ve Yapay Zeka: Otonom S\u00fcr\u00fc\u015f ve Robot Teknolojileri<\/strong><\/h2>\n\n\n\n<p>Tesla\u2019n\u0131n yenilik\u00e7i teknolojileri aras\u0131nda yapay zeka tabanl\u0131 otonom s\u00fcr\u00fc\u015f sistemleri ve insans\u0131 robotlar (\u201cTesla Bot\u201d) \u00f6nemli bir yere sahiptir.<\/p>\n\n\n\n<h3 class=\"wp-block-heading\"><strong>Otonom S\u00fcr\u00fc\u015f: Autopilot ve Full Self-Driving<\/strong><\/h3>\n\n\n\n<figure class=\"wp-block-embed is-type-video is-provider-youtube wp-block-embed-youtube wp-embed-aspect-16-9 wp-has-aspect-ratio\"><div class=\"wp-block-embed__wrapper\">\n<iframe title=\"Full Self-Driving (Supervised)\" width=\"640\" height=\"360\" src=\"https:\/\/www.youtube.com\/embed\/tJc-ZtO5b_E?feature=oembed\" frameborder=\"0\" allow=\"accelerometer; autoplay; clipboard-write; encrypted-media; gyroscope; picture-in-picture; web-share\" referrerpolicy=\"strict-origin-when-cross-origin\" allowfullscreen><\/iframe>\n<\/div><\/figure>\n\n\n\n<p>Tesla\u2019n\u0131n otonom s\u00fcr\u00fc\u015f teknolojileri, \u015firketin \u00e7a\u011f\u0131n \u00f6tesindeki yapay zeka altyap\u0131s\u0131na dayan\u0131r:<\/p>\n\n\n\n<p><strong>Autopilot:<\/strong> Tesla&#8217;n\u0131n t\u00fcm modellerinde sunulan bu sistem, \u015ferit takibi, \u015ferit de\u011fi\u015ftirme ve adaptif h\u0131z kontrol\u00fc gibi temel otonom s\u00fcr\u00fc\u015f \u00f6zelliklerini i\u00e7erir.<\/p>\n\n\n\n<p><strong>Full Self-Driving (FSD):<\/strong> Tesla, tam otonom s\u00fcr\u00fc\u015f deneyimi sunan FSD yaz\u0131l\u0131m\u0131 ile arac\u0131n kendi kendine seyahat etmesini hedeflemektedir. Sistem, trafik lambalar\u0131n\u0131 ve dur i\u015faretlerini alg\u0131lama, arac\u0131 otoparktan \u00e7a\u011f\u0131rma gibi \u00f6zelliklere sahiptir.<\/p>\n\n\n\n<h3 class=\"wp-block-heading\"><strong>Tesla Bot (Optimus): \u0130nsans\u0131 Robot Teknolojisi<\/strong><\/h3>\n\n\n\n<figure class=\"wp-block-embed is-type-video is-provider-youtube wp-block-embed-youtube wp-embed-aspect-16-9 wp-has-aspect-ratio\"><div class=\"wp-block-embed__wrapper\">\n<iframe title=\"Optimus - Gen 2 | Tesla\" width=\"640\" height=\"360\" src=\"https:\/\/www.youtube.com\/embed\/cpraXaw7dyc?feature=oembed\" frameborder=\"0\" allow=\"accelerometer; autoplay; clipboard-write; encrypted-media; gyroscope; picture-in-picture; web-share\" referrerpolicy=\"strict-origin-when-cross-origin\" allowfullscreen><\/iframe>\n<\/div><\/figure>\n\n\n\n<p>Tesla, yapay zeka tabanl\u0131 insans\u0131 robot projesi <strong>Optimus<\/strong> ile teknolojinin s\u0131n\u0131rlar\u0131n\u0131 zorlamaktad\u0131r. 2021 y\u0131l\u0131nda tan\u0131t\u0131lan bu robot, fiziksel olarak zorlu, tekrarlayan veya tehlikeli i\u015fleri yapmak i\u00e7in tasarlanm\u0131\u015ft\u0131r.<\/p>\n\n\n\n<ul class=\"wp-block-list\">\n<li><strong>Fiziksel \u00d6zellikleri:<\/strong> Tesla Bot, 1.73 metre boyunda, 56 kg a\u011f\u0131rl\u0131\u011f\u0131ndad\u0131r. Saatte 8 km h\u0131zla hareket edebilir ve 20 kg a\u011f\u0131rl\u0131k ta\u015f\u0131yabilir.<\/li>\n\n\n\n<li><strong>Yapay Zeka Yetkinlikleri:<\/strong> Tesla\u2019n\u0131n otonom s\u00fcr\u00fc\u015f sistemlerinden geli\u015ftirilen yapay zeka algoritmalar\u0131, Tesla Bot\u2019a alg\u0131lama, karar verme ve hareket kabiliyeti kazand\u0131rm\u0131\u015ft\u0131r.<\/li>\n<\/ul>\n\n\n\n<p>Optimus, gelecekte end\u00fcstriyel alanlardan ev i\u015flerine kadar geni\u015f bir yelpazede kullan\u0131lmas\u0131 planlanan bir teknolojidir.<\/p>\n\n\n\n<h2 class=\"wp-block-heading\"><strong>Tesla\u2019n\u0131n Enerji \u00c7\u00f6z\u00fcmleri ve S\u00fcrd\u00fcr\u00fclebilirlik Vizyonu<\/strong><\/h2>\n\n\n\n<p>Tesla, yaln\u0131zca otomotiv sekt\u00f6r\u00fcnde de\u011fil, enerji \u00e7\u00f6z\u00fcmleriyle de s\u00fcrd\u00fcr\u00fclebilir gelece\u011fe katk\u0131da bulunmaktad\u0131r. \u015eirket, yenilenebilir enerji kaynaklar\u0131n\u0131n kullan\u0131m\u0131n\u0131 art\u0131rmay\u0131 hedefleyen \u00e7e\u015fitli \u00fcr\u00fcnler ve projeler geli\u015ftirmi\u015ftir.<\/p>\n\n\n\n<h3 class=\"wp-block-heading\"><strong>Tesla Powerwall ve Powerpack<\/strong><\/h3>\n\n\n\n<figure class=\"wp-block-embed is-type-video is-provider-youtube wp-block-embed-youtube wp-embed-aspect-16-9 wp-has-aspect-ratio\"><div class=\"wp-block-embed__wrapper\">\n<iframe title=\"Tesla Powerwall 3 Operates in Over Two Feet of Water\" width=\"640\" height=\"360\" src=\"https:\/\/www.youtube.com\/embed\/_5yQvKxdZXM?feature=oembed\" frameborder=\"0\" allow=\"accelerometer; autoplay; clipboard-write; encrypted-media; gyroscope; picture-in-picture; web-share\" referrerpolicy=\"strict-origin-when-cross-origin\" allowfullscreen><\/iframe>\n<\/div><\/figure>\n\n\n\n<p>Tesla Powerwall, evler i\u00e7in geli\u015ftirilen bir enerji depolama \u00e7\u00f6z\u00fcm\u00fcd\u00fcr. G\u00fcne\u015f panelleriyle uyumlu olarak \u00e7al\u0131\u015fan Powerwall, g\u00fcne\u015f enerjisini depolayarak enerji kesintisi durumunda kullan\u0131lmas\u0131n\u0131 sa\u011flar. Bunun yan\u0131nda, Powerpack ise ticari ve end\u00fcstriyel alanlarda b\u00fcy\u00fck \u00f6l\u00e7ekli enerji depolama ihtiya\u00e7lar\u0131n\u0131 kar\u015f\u0131lamak \u00fczere tasarlanm\u0131\u015ft\u0131r.<\/p>\n\n\n\n<h3 class=\"wp-block-heading\"><strong>Solar Roof<\/strong><\/h3>\n\n\n\n<figure class=\"wp-block-image size-large\"><img loading=\"lazy\" decoding=\"async\" width=\"1024\" height=\"640\" src=\"https:\/\/intellerzone.com\/wp-content\/uploads\/2025\/01\/solar-roof-protection-outage-01-desktop-1024x640.avif\" alt=\"\" class=\"wp-image-1176\" style=\"aspect-ratio:16\/9;object-fit:cover\" srcset=\"https:\/\/intellerzone.com\/wp-content\/uploads\/2025\/01\/solar-roof-protection-outage-01-desktop-1024x640.avif 1024w, https:\/\/intellerzone.com\/wp-content\/uploads\/2025\/01\/solar-roof-protection-outage-01-desktop-300x188.avif 300w, https:\/\/intellerzone.com\/wp-content\/uploads\/2025\/01\/solar-roof-protection-outage-01-desktop-768x480.avif 768w, https:\/\/intellerzone.com\/wp-content\/uploads\/2025\/01\/solar-roof-protection-outage-01-desktop-1536x960.avif 1536w, https:\/\/intellerzone.com\/wp-content\/uploads\/2025\/01\/solar-roof-protection-outage-01-desktop-2048x1280.avif 2048w, https:\/\/intellerzone.com\/wp-content\/uploads\/2025\/01\/solar-roof-protection-outage-01-desktop-18x12.avif 18w, https:\/\/intellerzone.com\/wp-content\/uploads\/2025\/01\/solar-roof-protection-outage-01-desktop-640x400.avif 640w, https:\/\/intellerzone.com\/wp-content\/uploads\/2025\/01\/solar-roof-protection-outage-01-desktop-150x95.avif 150w, https:\/\/intellerzone.com\/wp-content\/uploads\/2025\/01\/solar-roof-protection-outage-01-desktop-400x250.avif 400w, https:\/\/intellerzone.com\/wp-content\/uploads\/2025\/01\/solar-roof-protection-outage-01-desktop-600x375.avif 600w\" sizes=\"(max-width: 1024px) 100vw, 1024px\" \/><figcaption class=\"wp-element-caption\">Kaynak: tesla.com<\/figcaption><\/figure>\n\n\n\n<p>Tesla\u2019n\u0131n Solar Roof \u00fcr\u00fcn\u00fc, geleneksel \u00e7at\u0131 kaplamalar\u0131na benzer bir tasar\u0131ma sahip olmas\u0131na ra\u011fmen, entegre g\u00fcne\u015f panelleri sayesinde elektrik \u00fcretebilmektedir. Estetik tasar\u0131m\u0131 ve enerji verimlili\u011fi ile s\u00fcrd\u00fcr\u00fclebilir mimarinin \u00f6nc\u00fcs\u00fc olmu\u015ftur.<\/p>\n\n\n\n<h3 class=\"wp-block-heading\"><strong>Megapack<\/strong><\/h3>\n\n\n\n<figure class=\"wp-block-image size-large\"><img loading=\"lazy\" decoding=\"async\" width=\"1024\" height=\"640\" src=\"https:\/\/intellerzone.com\/wp-content\/uploads\/2025\/01\/Megapack_CleanerGrid_D-1024x640.avif\" alt=\"\" class=\"wp-image-1177\" style=\"aspect-ratio:16\/9;object-fit:cover\" srcset=\"https:\/\/intellerzone.com\/wp-content\/uploads\/2025\/01\/Megapack_CleanerGrid_D-1024x640.avif 1024w, https:\/\/intellerzone.com\/wp-content\/uploads\/2025\/01\/Megapack_CleanerGrid_D-300x188.avif 300w, https:\/\/intellerzone.com\/wp-content\/uploads\/2025\/01\/Megapack_CleanerGrid_D-768x480.avif 768w, https:\/\/intellerzone.com\/wp-content\/uploads\/2025\/01\/Megapack_CleanerGrid_D-1536x960.avif 1536w, https:\/\/intellerzone.com\/wp-content\/uploads\/2025\/01\/Megapack_CleanerGrid_D-2048x1280.avif 2048w, https:\/\/intellerzone.com\/wp-content\/uploads\/2025\/01\/Megapack_CleanerGrid_D-18x12.avif 18w, https:\/\/intellerzone.com\/wp-content\/uploads\/2025\/01\/Megapack_CleanerGrid_D-640x400.avif 640w, https:\/\/intellerzone.com\/wp-content\/uploads\/2025\/01\/Megapack_CleanerGrid_D-150x95.avif 150w, https:\/\/intellerzone.com\/wp-content\/uploads\/2025\/01\/Megapack_CleanerGrid_D-400x250.avif 400w, https:\/\/intellerzone.com\/wp-content\/uploads\/2025\/01\/Megapack_CleanerGrid_D-600x375.avif 600w\" sizes=\"(max-width: 1024px) 100vw, 1024px\" \/><figcaption class=\"wp-element-caption\">Kaynak: tesla.com<\/figcaption><\/figure>\n\n\n\n<p>Megapack, Tesla\u2019n\u0131n enerji depolama alan\u0131ndaki en b\u00fcy\u00fck \u00e7\u00f6z\u00fcm\u00fcd\u00fcr ve elektrik \u015febekelerini desteklemek i\u00e7in tasarlanm\u0131\u015ft\u0131r. Geni\u015f enerji depolama kapasitesi, yenilenebilir enerji santrallerinin verimlili\u011fini art\u0131rmay\u0131 ve karbon emisyonlar\u0131n\u0131 azaltmay\u0131 hedeflemektedir.<\/p>\n\n\n\n<h3 class=\"wp-block-heading\"><strong>Tesla\u2019n\u0131n K\u00fcresel Etkisi ve Gelecek Planlar\u0131<\/strong><\/h3>\n\n\n\n<p>Tesla, yaln\u0131zca \u00fcr\u00fcnleriyle de\u011fil, \u00e7evresel ve sosyal sorumluluk projeleriyle de dikkat \u00e7ekmektedir. \u015eirket, fosil yak\u0131tlara olan ba\u011f\u0131ml\u0131l\u0131\u011f\u0131 azaltmay\u0131 ve d\u00fcnyay\u0131 daha ya\u015fanabilir bir yer haline getirmeyi ama\u00e7layan bir\u00e7ok giri\u015fimde bulunmaktad\u0131r.<\/p>\n\n\n\n<ul class=\"wp-block-list\">\n<li><strong>Gigafactory\u2019ler:<\/strong> Tesla, elektrikli ara\u00e7 bataryalar\u0131n\u0131n \u00fcretimini art\u0131rmak ve maliyetlerini d\u00fc\u015f\u00fcrmek i\u00e7in d\u00fcnyan\u0131n farkl\u0131 b\u00f6lgelerinde Gigafactory\u2019ler in\u015fa etmektedir. Bu fabrikalar, ayn\u0131 zamanda \u00e7evre dostu \u00fcretim tekniklerini benimseyerek enerji verimlili\u011fi sa\u011flamaktad\u0131r.<\/li>\n\n\n\n<li><strong>S\u00fcrd\u00fcr\u00fclebilir \u00dcretim:<\/strong> Tesla, \u00fcretim s\u00fcre\u00e7lerinde yenilenebilir enerji kaynaklar\u0131n\u0131 kullanarak karbon ayak izini minimumda tutmay\u0131 hedeflemektedir.<\/li>\n\n\n\n<li><strong>Gelecek Teknolojileri:<\/strong> Tesla, yapay zeka, enerji depolama, otonom s\u00fcr\u00fc\u015f ve robot teknolojileri gibi alanlarda Ar-Ge yat\u0131r\u0131mlar\u0131na devam ederek gelece\u011fin teknolojilerine y\u00f6n vermeyi s\u00fcrd\u00fcrmektedir.<\/li>\n<\/ul>\n\n\n\n<h3 class=\"wp-block-heading\"><strong>Tesla\u2019n\u0131n Enerji Kullan\u0131m\u0131 Hakk\u0131ndaki Tart\u0131\u015fmalar<\/strong><\/h3>\n\n\n\n<p>Tesla, hayata ge\u00e7irdi\u011fi projelerle her ne kadar \u00e7evre dostu bir yakla\u015f\u0131m sergilemekte gibi g\u00f6r\u00fcnse de, bu projelerin enerji t\u00fcketimi ve \u00e7evresel etkileri konusunda \u00e7e\u015fitli tart\u0131\u015fmalar bulunmaktad\u0131r.<\/p>\n\n\n\n<h4 class=\"wp-block-heading\"><strong>Gigafactory\u2019ler ve Enerji Kullan\u0131m\u0131<\/strong><\/h4>\n\n\n\n<p>Tesla\u2019n\u0131n Gigafactory\u2019leri, elektrikli ara\u00e7 bataryalar\u0131n\u0131n \u00fcretimini art\u0131rmak ve maliyetlerini d\u00fc\u015f\u00fcrmek amac\u0131yla d\u00fcnyan\u0131n farkl\u0131 b\u00f6lgelerinde in\u015fa edilmi\u015ftir. Bu fabrikalar, \u00e7evre dostu \u00fcretim tekniklerini benimsemekle birlikte, b\u00fcy\u00fck miktarda enerji t\u00fcketmektedir. Baz\u0131 ele\u015ftirmenler, bu tesislerin enerji yo\u011funlu\u011funun, Tesla\u2019n\u0131n \u00e7evre dostu imaj\u0131yla \u00e7eli\u015fti\u011fini savunmaktad\u0131r.<\/p>\n\n\n\n<h4 class=\"wp-block-heading\"><strong>Lityum Madencili\u011fi ve \u00c7evresel Etkiler<\/strong><\/h4>\n\n\n\n<p>Elektrikli ara\u00e7 bataryalar\u0131nda kullan\u0131lan lityumun \u00e7\u0131kar\u0131lmas\u0131, y\u00fcksek su t\u00fcketimi ve \u00e7evresel tahribatla ili\u015fkilendirilmektedir. Bu durum, Tesla gibi \u015firketlerin, yenilenebilir enerjiye ge\u00e7i\u015fi h\u0131zland\u0131rmaya \u00e7al\u0131\u015f\u0131rken, ba\u015fka \u00e7evresel sorunlara neden oldu\u011fu y\u00f6n\u00fcnde ele\u015ftirilmesine yol a\u00e7m\u0131\u015ft\u0131r.<\/p>\n\n\n\n<h4 class=\"wp-block-heading\"><strong>Yenilenebilir Enerji Kullan\u0131m\u0131 ve Karbon Ayak \u0130zi<\/strong><\/h4>\n\n\n\n<p>Tesla, Gigafactory\u2019lerinde yenilenebilir enerji kaynaklar\u0131n\u0131 kullanmay\u0131 hedeflese de, bu hedefin tam anlam\u0131yla ger\u00e7ekle\u015ftirilememi\u015f olmas\u0131 ele\u015ftiri konusu olmu\u015ftur. \u00d6zellikle enerji \u00fcretiminin fosil yak\u0131tlara dayal\u0131 oldu\u011fu b\u00f6lgelerde, Tesla\u2019n\u0131n enerji kullan\u0131m\u0131n\u0131n karbon ayak izini art\u0131rabilece\u011fi tart\u0131\u015f\u0131lmaktad\u0131r.<\/p>\n\n\n\n<hr class=\"wp-block-separator has-alpha-channel-opacity\"\/>\n\n\n\n<p>Emojilerle tepki ver!<\/p>","protected":false},"excerpt":{"rendered":"<p>Tesla, Inc., 2003 y\u0131l\u0131nda Elon Musk, Martin&#8230;<\/p>","protected":false},"author":2,"featured_media":1166,"comment_status":"open","ping_status":"closed","sticky":false,"template":"","format":"standard","meta":{"_themeisle_gutenberg_block_has_review":false,"_jetpack_memberships_contains_paid_content":false,"footnotes":""},"categories":[5],"tags":[813,831,823,795,839,817,815,821,805,801,829,827,837,803,825,793,833,799,809],"class_list":["post-1165","post","type-post","status-publish","format-standard","has-post-thumbnail","hentry","category-teknoloji","tag-araba","tag-autopilot","tag-cybertruck","tag-elektrikli","tag-insansi-robot","tag-model-3","tag-model-s","tag-model-y","tag-oncu","tag-otomobil","tag-otonom-surus","tag-roadster","tag-robot","tag-sektor","tag-semi","tag-tesla","tag-tesla-bot","tag-yapay-zeka","tag-zirve"],"yoast_head":"<!-- This site is optimized with the Yoast SEO plugin v25.9 - https:\/\/yoast.com\/wordpress\/plugins\/seo\/ -->\n<title>Elektrikli Ara\u00e7lar ve Yapay Zeka Teknolojileriyle Gelece\u011fi \u015eekillendiren \u015eirket: TESLA - Intellerzone<\/title>\n<meta name=\"description\" content=\"Tesla, elektrikli ara\u00e7lar, s\u00fcrd\u00fcr\u00fclebilir enerji \u00e7\u00f6z\u00fcmleri, g\u00fcne\u015f enerjisi sistemleri ve otonom s\u00fcr\u00fc\u015f teknolojileri ile teknolojide zirvede.\" \/>\n<meta name=\"robots\" content=\"index, follow, max-snippet:-1, max-image-preview:large, max-video-preview:-1\" \/>\n<link rel=\"canonical\" href=\"https:\/\/intellerzone.com\/tr\/elektrikli-araclar-ve-yapay-zeka-teknolojileriyle-gelecegi-sekillendiren-sirket-tesla\/\" \/>\n<meta property=\"og:locale\" content=\"tr_TR\" \/>\n<meta property=\"og:type\" content=\"article\" \/>\n<meta property=\"og:title\" content=\"Elektrikli Ara\u00e7lar ve Yapay Zeka Teknolojileriyle Gelece\u011fi \u015eekillendiren \u015eirket: TESLA - Intellerzone\" \/>\n<meta property=\"og:description\" content=\"Tesla, elektrikli ara\u00e7lar, s\u00fcrd\u00fcr\u00fclebilir enerji \u00e7\u00f6z\u00fcmleri, g\u00fcne\u015f enerjisi sistemleri ve otonom s\u00fcr\u00fc\u015f teknolojileri ile teknolojide zirvede.\" \/>\n<meta property=\"og:url\" content=\"https:\/\/intellerzone.com\/tr\/elektrikli-araclar-ve-yapay-zeka-teknolojileriyle-gelecegi-sekillendiren-sirket-tesla\/\" \/>\n<meta property=\"og:site_name\" content=\"Intellerzone\" \/>\n<meta property=\"article:published_time\" content=\"2025-01-15T19:57:00+00:00\" \/>\n<meta property=\"article:modified_time\" content=\"2025-05-21T01:05:35+00:00\" \/>\n<meta property=\"og:image\" content=\"https:\/\/intellerzone.com\/wp-content\/uploads\/2025\/01\/88ff36b867d43de240dd7e19110814bc-1_enhanced-1024x576.png\" \/>\n\t<meta property=\"og:image:width\" content=\"1024\" \/>\n\t<meta property=\"og:image:height\" content=\"576\" \/>\n\t<meta property=\"og:image:type\" content=\"image\/png\" \/>\n<meta name=\"author\" content=\"Editor\" \/>\n<meta name=\"twitter:card\" content=\"summary_large_image\" \/>\n<meta name=\"twitter:creator\" content=\"@Intellerzone\" \/>\n<meta name=\"twitter:site\" content=\"@Intellerzone\" \/>\n<meta name=\"twitter:label1\" content=\"Yazan:\" \/>\n\t<meta name=\"twitter:data1\" content=\"Editor\" \/>\n\t<meta name=\"twitter:label2\" content=\"Tahmini okuma s\u00fcresi\" \/>\n\t<meta name=\"twitter:data2\" content=\"9 dakika\" \/>\n<script type=\"application\/ld+json\" class=\"yoast-schema-graph\">{\"@context\":\"https:\/\/schema.org\",\"@graph\":[{\"@type\":\"Article\",\"@id\":\"https:\/\/intellerzone.com\/tr\/elektrikli-araclar-ve-yapay-zeka-teknolojileriyle-gelecegi-sekillendiren-sirket-tesla\/#article\",\"isPartOf\":{\"@id\":\"https:\/\/intellerzone.com\/tr\/elektrikli-araclar-ve-yapay-zeka-teknolojileriyle-gelecegi-sekillendiren-sirket-tesla\/\"},\"author\":{\"name\":\"Editor\",\"@id\":\"https:\/\/intellerzone.com\/tr\/#\/schema\/person\/69bed2f1196816debc4944ff96f238a4\"},\"headline\":\"Elektrikli Ara\u00e7lar ve Yapay Zeka Teknolojileriyle Gelece\u011fi \u015eekillendiren \u015eirket: TESLA\",\"datePublished\":\"2025-01-15T19:57:00+00:00\",\"dateModified\":\"2025-05-21T01:05:35+00:00\",\"mainEntityOfPage\":{\"@id\":\"https:\/\/intellerzone.com\/tr\/elektrikli-araclar-ve-yapay-zeka-teknolojileriyle-gelecegi-sekillendiren-sirket-tesla\/\"},\"wordCount\":1807,\"commentCount\":0,\"publisher\":{\"@id\":\"https:\/\/intellerzone.com\/tr\/#organization\"},\"image\":{\"@id\":\"https:\/\/intellerzone.com\/tr\/elektrikli-araclar-ve-yapay-zeka-teknolojileriyle-gelecegi-sekillendiren-sirket-tesla\/#primaryimage\"},\"thumbnailUrl\":\"https:\/\/intellerzone.com\/wp-content\/uploads\/2025\/01\/88ff36b867d43de240dd7e19110814bc-1_enhanced.png\",\"keywords\":[\"araba\",\"autopilot\",\"cybertruck\",\"elektrikli\",\"insans\u0131 robot\",\"model 3\",\"model s\",\"model y\",\"\u00f6nc\u00fc\",\"otomobil\",\"otonom s\u00fcr\u00fc\u015f\",\"roadster\",\"robot\",\"sekt\u00f6r\",\"semi\",\"tesla\",\"tesla bot\",\"yapay zeka\",\"zirve\"],\"articleSection\":[\"TEKNOLOJ\u0130\"],\"inLanguage\":\"tr\",\"potentialAction\":[{\"@type\":\"CommentAction\",\"name\":\"Comment\",\"target\":[\"https:\/\/intellerzone.com\/tr\/elektrikli-araclar-ve-yapay-zeka-teknolojileriyle-gelecegi-sekillendiren-sirket-tesla\/#respond\"]}]},{\"@type\":\"WebPage\",\"@id\":\"https:\/\/intellerzone.com\/tr\/elektrikli-araclar-ve-yapay-zeka-teknolojileriyle-gelecegi-sekillendiren-sirket-tesla\/\",\"url\":\"https:\/\/intellerzone.com\/tr\/elektrikli-araclar-ve-yapay-zeka-teknolojileriyle-gelecegi-sekillendiren-sirket-tesla\/\",\"name\":\"Elektrikli Ara\u00e7lar ve Yapay Zeka Teknolojileriyle Gelece\u011fi \u015eekillendiren \u015eirket: TESLA - Intellerzone\",\"isPartOf\":{\"@id\":\"https:\/\/intellerzone.com\/tr\/#website\"},\"primaryImageOfPage\":{\"@id\":\"https:\/\/intellerzone.com\/tr\/elektrikli-araclar-ve-yapay-zeka-teknolojileriyle-gelecegi-sekillendiren-sirket-tesla\/#primaryimage\"},\"image\":{\"@id\":\"https:\/\/intellerzone.com\/tr\/elektrikli-araclar-ve-yapay-zeka-teknolojileriyle-gelecegi-sekillendiren-sirket-tesla\/#primaryimage\"},\"thumbnailUrl\":\"https:\/\/intellerzone.com\/wp-content\/uploads\/2025\/01\/88ff36b867d43de240dd7e19110814bc-1_enhanced.png\",\"datePublished\":\"2025-01-15T19:57:00+00:00\",\"dateModified\":\"2025-05-21T01:05:35+00:00\",\"description\":\"Tesla, elektrikli ara\u00e7lar, s\u00fcrd\u00fcr\u00fclebilir enerji \u00e7\u00f6z\u00fcmleri, g\u00fcne\u015f enerjisi sistemleri ve otonom s\u00fcr\u00fc\u015f teknolojileri ile teknolojide zirvede.\",\"breadcrumb\":{\"@id\":\"https:\/\/intellerzone.com\/tr\/elektrikli-araclar-ve-yapay-zeka-teknolojileriyle-gelecegi-sekillendiren-sirket-tesla\/#breadcrumb\"},\"inLanguage\":\"tr\",\"potentialAction\":[{\"@type\":\"ReadAction\",\"target\":[\"https:\/\/intellerzone.com\/tr\/elektrikli-araclar-ve-yapay-zeka-teknolojileriyle-gelecegi-sekillendiren-sirket-tesla\/\"]}]},{\"@type\":\"ImageObject\",\"inLanguage\":\"tr\",\"@id\":\"https:\/\/intellerzone.com\/tr\/elektrikli-araclar-ve-yapay-zeka-teknolojileriyle-gelecegi-sekillendiren-sirket-tesla\/#primaryimage\",\"url\":\"https:\/\/intellerzone.com\/wp-content\/uploads\/2025\/01\/88ff36b867d43de240dd7e19110814bc-1_enhanced.png\",\"contentUrl\":\"https:\/\/intellerzone.com\/wp-content\/uploads\/2025\/01\/88ff36b867d43de240dd7e19110814bc-1_enhanced.png\",\"width\":3554,\"height\":2000},{\"@type\":\"BreadcrumbList\",\"@id\":\"https:\/\/intellerzone.com\/tr\/elektrikli-araclar-ve-yapay-zeka-teknolojileriyle-gelecegi-sekillendiren-sirket-tesla\/#breadcrumb\",\"itemListElement\":[{\"@type\":\"ListItem\",\"position\":1,\"name\":\"Anasayfa\",\"item\":\"https:\/\/intellerzone.com\/tr\/\"},{\"@type\":\"ListItem\",\"position\":2,\"name\":\"Elektrikli Ara\u00e7lar ve Yapay Zeka Teknolojileriyle Gelece\u011fi \u015eekillendiren \u015eirket: TESLA\"}]},{\"@type\":\"WebSite\",\"@id\":\"https:\/\/intellerzone.com\/tr\/#website\",\"url\":\"https:\/\/intellerzone.com\/tr\/\",\"name\":\"Intellerzone\",\"description\":\"Entelekt\u00fcellerin #1 Numaral\u0131 Platformu\",\"publisher\":{\"@id\":\"https:\/\/intellerzone.com\/tr\/#organization\"},\"potentialAction\":[{\"@type\":\"SearchAction\",\"target\":{\"@type\":\"EntryPoint\",\"urlTemplate\":\"https:\/\/intellerzone.com\/tr\/?s={search_term_string}\"},\"query-input\":{\"@type\":\"PropertyValueSpecification\",\"valueRequired\":true,\"valueName\":\"search_term_string\"}}],\"inLanguage\":\"tr\"},{\"@type\":\"Organization\",\"@id\":\"https:\/\/intellerzone.com\/tr\/#organization\",\"name\":\"Intellerzone\",\"url\":\"https:\/\/intellerzone.com\/tr\/\",\"logo\":{\"@type\":\"ImageObject\",\"inLanguage\":\"tr\",\"@id\":\"https:\/\/intellerzone.com\/tr\/#\/schema\/logo\/image\/\",\"url\":\"https:\/\/intellerzone.com\/wp-content\/uploads\/2024\/12\/cropped-intellerzone-logo-guncel-3.png\",\"contentUrl\":\"https:\/\/intellerzone.com\/wp-content\/uploads\/2024\/12\/cropped-intellerzone-logo-guncel-3.png\",\"width\":1399,\"height\":207,\"caption\":\"Intellerzone\"},\"image\":{\"@id\":\"https:\/\/intellerzone.com\/tr\/#\/schema\/logo\/image\/\"},\"sameAs\":[\"https:\/\/x.com\/Intellerzone\",\"https:\/\/www.youtube.com\/@Intellerzone\",\"https:\/\/www.instagram.com\/intellerzone\/\"]},{\"@type\":\"Person\",\"@id\":\"https:\/\/intellerzone.com\/tr\/#\/schema\/person\/69bed2f1196816debc4944ff96f238a4\",\"name\":\"Editor\",\"image\":{\"@type\":\"ImageObject\",\"inLanguage\":\"tr\",\"@id\":\"https:\/\/intellerzone.com\/tr\/#\/schema\/person\/image\/\",\"url\":\"https:\/\/intellerzone.com\/wp-content\/litespeed\/avatar\/a7019b0e446250910b53bf8553246488.jpg?ver=1777762850\",\"contentUrl\":\"https:\/\/intellerzone.com\/wp-content\/litespeed\/avatar\/a7019b0e446250910b53bf8553246488.jpg?ver=1777762850\",\"caption\":\"Editor\"},\"url\":\"https:\/\/intellerzone.com\/tr\/author\/editor\/\"}]}<\/script>\n<!-- \/ Yoast SEO plugin. -->","yoast_head_json":{"title":"Elektrikli Ara\u00e7lar ve Yapay Zeka Teknolojileriyle Gelece\u011fi \u015eekillendiren \u015eirket: TESLA - Intellerzone","description":"Tesla, elektrikli ara\u00e7lar, s\u00fcrd\u00fcr\u00fclebilir enerji \u00e7\u00f6z\u00fcmleri, g\u00fcne\u015f enerjisi sistemleri ve otonom s\u00fcr\u00fc\u015f teknolojileri ile teknolojide zirvede.","robots":{"index":"index","follow":"follow","max-snippet":"max-snippet:-1","max-image-preview":"max-image-preview:large","max-video-preview":"max-video-preview:-1"},"canonical":"https:\/\/intellerzone.com\/tr\/elektrikli-araclar-ve-yapay-zeka-teknolojileriyle-gelecegi-sekillendiren-sirket-tesla\/","og_locale":"tr_TR","og_type":"article","og_title":"Elektrikli Ara\u00e7lar ve Yapay Zeka Teknolojileriyle Gelece\u011fi \u015eekillendiren \u015eirket: TESLA - Intellerzone","og_description":"Tesla, elektrikli ara\u00e7lar, s\u00fcrd\u00fcr\u00fclebilir enerji \u00e7\u00f6z\u00fcmleri, g\u00fcne\u015f enerjisi sistemleri ve otonom s\u00fcr\u00fc\u015f teknolojileri ile teknolojide zirvede.","og_url":"https:\/\/intellerzone.com\/tr\/elektrikli-araclar-ve-yapay-zeka-teknolojileriyle-gelecegi-sekillendiren-sirket-tesla\/","og_site_name":"Intellerzone","article_published_time":"2025-01-15T19:57:00+00:00","article_modified_time":"2025-05-21T01:05:35+00:00","og_image":[{"width":1024,"height":576,"url":"https:\/\/intellerzone.com\/wp-content\/uploads\/2025\/01\/88ff36b867d43de240dd7e19110814bc-1_enhanced-1024x576.png","type":"image\/png"}],"author":"Editor","twitter_card":"summary_large_image","twitter_creator":"@Intellerzone","twitter_site":"@Intellerzone","twitter_misc":{"Yazan:":"Editor","Tahmini okuma s\u00fcresi":"9 dakika"},"schema":{"@context":"https:\/\/schema.org","@graph":[{"@type":"Article","@id":"https:\/\/intellerzone.com\/tr\/elektrikli-araclar-ve-yapay-zeka-teknolojileriyle-gelecegi-sekillendiren-sirket-tesla\/#article","isPartOf":{"@id":"https:\/\/intellerzone.com\/tr\/elektrikli-araclar-ve-yapay-zeka-teknolojileriyle-gelecegi-sekillendiren-sirket-tesla\/"},"author":{"name":"Editor","@id":"https:\/\/intellerzone.com\/tr\/#\/schema\/person\/69bed2f1196816debc4944ff96f238a4"},"headline":"Elektrikli Ara\u00e7lar ve Yapay Zeka Teknolojileriyle Gelece\u011fi \u015eekillendiren \u015eirket: TESLA","datePublished":"2025-01-15T19:57:00+00:00","dateModified":"2025-05-21T01:05:35+00:00","mainEntityOfPage":{"@id":"https:\/\/intellerzone.com\/tr\/elektrikli-araclar-ve-yapay-zeka-teknolojileriyle-gelecegi-sekillendiren-sirket-tesla\/"},"wordCount":1807,"commentCount":0,"publisher":{"@id":"https:\/\/intellerzone.com\/tr\/#organization"},"image":{"@id":"https:\/\/intellerzone.com\/tr\/elektrikli-araclar-ve-yapay-zeka-teknolojileriyle-gelecegi-sekillendiren-sirket-tesla\/#primaryimage"},"thumbnailUrl":"https:\/\/intellerzone.com\/wp-content\/uploads\/2025\/01\/88ff36b867d43de240dd7e19110814bc-1_enhanced.png","keywords":["araba","autopilot","cybertruck","elektrikli","insans\u0131 robot","model 3","model s","model y","\u00f6nc\u00fc","otomobil","otonom s\u00fcr\u00fc\u015f","roadster","robot","sekt\u00f6r","semi","tesla","tesla bot","yapay zeka","zirve"],"articleSection":["TEKNOLOJ\u0130"],"inLanguage":"tr","potentialAction":[{"@type":"CommentAction","name":"Comment","target":["https:\/\/intellerzone.com\/tr\/elektrikli-araclar-ve-yapay-zeka-teknolojileriyle-gelecegi-sekillendiren-sirket-tesla\/#respond"]}]},{"@type":"WebPage","@id":"https:\/\/intellerzone.com\/tr\/elektrikli-araclar-ve-yapay-zeka-teknolojileriyle-gelecegi-sekillendiren-sirket-tesla\/","url":"https:\/\/intellerzone.com\/tr\/elektrikli-araclar-ve-yapay-zeka-teknolojileriyle-gelecegi-sekillendiren-sirket-tesla\/","name":"Elektrikli Ara\u00e7lar ve Yapay Zeka Teknolojileriyle Gelece\u011fi \u015eekillendiren \u015eirket: TESLA - Intellerzone","isPartOf":{"@id":"https:\/\/intellerzone.com\/tr\/#website"},"primaryImageOfPage":{"@id":"https:\/\/intellerzone.com\/tr\/elektrikli-araclar-ve-yapay-zeka-teknolojileriyle-gelecegi-sekillendiren-sirket-tesla\/#primaryimage"},"image":{"@id":"https:\/\/intellerzone.com\/tr\/elektrikli-araclar-ve-yapay-zeka-teknolojileriyle-gelecegi-sekillendiren-sirket-tesla\/#primaryimage"},"thumbnailUrl":"https:\/\/intellerzone.com\/wp-content\/uploads\/2025\/01\/88ff36b867d43de240dd7e19110814bc-1_enhanced.png","datePublished":"2025-01-15T19:57:00+00:00","dateModified":"2025-05-21T01:05:35+00:00","description":"Tesla, elektrikli ara\u00e7lar, s\u00fcrd\u00fcr\u00fclebilir enerji \u00e7\u00f6z\u00fcmleri, g\u00fcne\u015f enerjisi sistemleri ve otonom s\u00fcr\u00fc\u015f teknolojileri ile teknolojide zirvede.","breadcrumb":{"@id":"https:\/\/intellerzone.com\/tr\/elektrikli-araclar-ve-yapay-zeka-teknolojileriyle-gelecegi-sekillendiren-sirket-tesla\/#breadcrumb"},"inLanguage":"tr","potentialAction":[{"@type":"ReadAction","target":["https:\/\/intellerzone.com\/tr\/elektrikli-araclar-ve-yapay-zeka-teknolojileriyle-gelecegi-sekillendiren-sirket-tesla\/"]}]},{"@type":"ImageObject","inLanguage":"tr","@id":"https:\/\/intellerzone.com\/tr\/elektrikli-araclar-ve-yapay-zeka-teknolojileriyle-gelecegi-sekillendiren-sirket-tesla\/#primaryimage","url":"https:\/\/intellerzone.com\/wp-content\/uploads\/2025\/01\/88ff36b867d43de240dd7e19110814bc-1_enhanced.png","contentUrl":"https:\/\/intellerzone.com\/wp-content\/uploads\/2025\/01\/88ff36b867d43de240dd7e19110814bc-1_enhanced.png","width":3554,"height":2000},{"@type":"BreadcrumbList","@id":"https:\/\/intellerzone.com\/tr\/elektrikli-araclar-ve-yapay-zeka-teknolojileriyle-gelecegi-sekillendiren-sirket-tesla\/#breadcrumb","itemListElement":[{"@type":"ListItem","position":1,"name":"Anasayfa","item":"https:\/\/intellerzone.com\/tr\/"},{"@type":"ListItem","position":2,"name":"Elektrikli Ara\u00e7lar ve Yapay Zeka Teknolojileriyle Gelece\u011fi \u015eekillendiren \u015eirket: TESLA"}]},{"@type":"WebSite","@id":"https:\/\/intellerzone.com\/tr\/#website","url":"https:\/\/intellerzone.com\/tr\/","name":"Intellerzone","description":"Entelekt\u00fcellerin #1 Numaral\u0131 Platformu","publisher":{"@id":"https:\/\/intellerzone.com\/tr\/#organization"},"potentialAction":[{"@type":"SearchAction","target":{"@type":"EntryPoint","urlTemplate":"https:\/\/intellerzone.com\/tr\/?s={search_term_string}"},"query-input":{"@type":"PropertyValueSpecification","valueRequired":true,"valueName":"search_term_string"}}],"inLanguage":"tr"},{"@type":"Organization","@id":"https:\/\/intellerzone.com\/tr\/#organization","name":"Intellerzone","url":"https:\/\/intellerzone.com\/tr\/","logo":{"@type":"ImageObject","inLanguage":"tr","@id":"https:\/\/intellerzone.com\/tr\/#\/schema\/logo\/image\/","url":"https:\/\/intellerzone.com\/wp-content\/uploads\/2024\/12\/cropped-intellerzone-logo-guncel-3.png","contentUrl":"https:\/\/intellerzone.com\/wp-content\/uploads\/2024\/12\/cropped-intellerzone-logo-guncel-3.png","width":1399,"height":207,"caption":"Intellerzone"},"image":{"@id":"https:\/\/intellerzone.com\/tr\/#\/schema\/logo\/image\/"},"sameAs":["https:\/\/x.com\/Intellerzone","https:\/\/www.youtube.com\/@Intellerzone","https:\/\/www.instagram.com\/intellerzone\/"]},{"@type":"Person","@id":"https:\/\/intellerzone.com\/tr\/#\/schema\/person\/69bed2f1196816debc4944ff96f238a4","name":"Editor","image":{"@type":"ImageObject","inLanguage":"tr","@id":"https:\/\/intellerzone.com\/tr\/#\/schema\/person\/image\/","url":"https:\/\/intellerzone.com\/wp-content\/litespeed\/avatar\/a7019b0e446250910b53bf8553246488.jpg?ver=1777762850","contentUrl":"https:\/\/intellerzone.com\/wp-content\/litespeed\/avatar\/a7019b0e446250910b53bf8553246488.jpg?ver=1777762850","caption":"Editor"},"url":"https:\/\/intellerzone.com\/tr\/author\/editor\/"}]}},"jetpack_featured_media_url":"https:\/\/intellerzone.com\/wp-content\/uploads\/2025\/01\/88ff36b867d43de240dd7e19110814bc-1_enhanced.png","jetpack_sharing_enabled":true,"_links":{"self":[{"href":"https:\/\/intellerzone.com\/tr\/wp-json\/wp\/v2\/posts\/1165","targetHints":{"allow":["GET"]}}],"collection":[{"href":"https:\/\/intellerzone.com\/tr\/wp-json\/wp\/v2\/posts"}],"about":[{"href":"https:\/\/intellerzone.com\/tr\/wp-json\/wp\/v2\/types\/post"}],"author":[{"embeddable":true,"href":"https:\/\/intellerzone.com\/tr\/wp-json\/wp\/v2\/users\/2"}],"replies":[{"embeddable":true,"href":"https:\/\/intellerzone.com\/tr\/wp-json\/wp\/v2\/comments?post=1165"}],"version-history":[{"count":7,"href":"https:\/\/intellerzone.com\/tr\/wp-json\/wp\/v2\/posts\/1165\/revisions"}],"predecessor-version":[{"id":1862,"href":"https:\/\/intellerzone.com\/tr\/wp-json\/wp\/v2\/posts\/1165\/revisions\/1862"}],"wp:featuredmedia":[{"embeddable":true,"href":"https:\/\/intellerzone.com\/tr\/wp-json\/wp\/v2\/media\/1166"}],"wp:attachment":[{"href":"https:\/\/intellerzone.com\/tr\/wp-json\/wp\/v2\/media?parent=1165"}],"wp:term":[{"taxonomy":"category","embeddable":true,"href":"https:\/\/intellerzone.com\/tr\/wp-json\/wp\/v2\/categories?post=1165"},{"taxonomy":"post_tag","embeddable":true,"href":"https:\/\/intellerzone.com\/tr\/wp-json\/wp\/v2\/tags?post=1165"}],"curies":[{"name":"wp","href":"https:\/\/api.w.org\/{rel}","templated":true}]}}