{"id":1238,"date":"2025-01-17T12:29:06","date_gmt":"2025-01-17T12:29:06","guid":{"rendered":"https:\/\/intellerzone.com\/?p=1238"},"modified":"2025-05-21T01:05:16","modified_gmt":"2025-05-21T01:05:16","slug":"seytan-frekansi-modern-muzikte-440-hz","status":"publish","type":"post","link":"https:\/\/intellerzone.com\/tr\/seytan-frekansi-modern-muzikte-440-hz\/","title":{"rendered":"\u015eeytan Frekans\u0131: Modern M\u00fczikte 440 Hz"},"content":{"rendered":"<p>440 Hz frekans\u0131, g\u00fcn\u00fcm\u00fczde m\u00fczikte <strong>standart akort frekans\u0131<\/strong> olarak kullan\u0131lan bir referanst\u0131r. Ancak, bu frekansla ilgili y\u0131llard\u0131r \u00e7e\u015fitli tart\u0131\u015fmalar ve teoriler bulunmaktad\u0131r. Kimileri 440 Hz&#8217;in insan psikolojisine ve do\u011fayla uyuma zarar verdi\u011fini savunurken, kimileri bunun bir komplo teorisi oldu\u011funu d\u00fc\u015f\u00fcnmektedir. Ayr\u0131ca, <strong>432 Hz frekans\u0131<\/strong> ile k\u0131yasland\u0131\u011f\u0131nda 432&#8217;nin daha &#8220;do\u011fal&#8221; ve &#8220;\u015fifa verici&#8221; oldu\u011funa dair iddialar vard\u0131r. \u015eimdi, bu konuyu bilimsel, tarihi ve m\u00fczikal ba\u011flamda inceleyelim.<\/p>\n\n\n\n<h3 class=\"wp-block-heading\"><strong>440 Hz&#8217;in Standartla\u015fmas\u0131<\/strong><\/h3>\n\n\n\n<ul class=\"wp-block-list\">\n<li>1939 y\u0131l\u0131nda Londra&#8217;da yap\u0131lan bir konferansta, <strong>440 Hz<\/strong>, m\u00fczikte standart akort frekans\u0131 olarak kabul edilmi\u015ftir. Ancak, bu karar\u0131n tam anlam\u0131yla benimsenmesi ve d\u00fcnya \u00e7ap\u0131nda uygulanmas\u0131 1955&#8217;te ger\u00e7ekle\u015fmi\u015ftir.<\/li>\n\n\n\n<li>Bu frekans, <strong>A4 (La notas\u0131)<\/strong> olarak bilinen sesin titre\u015fim frekans\u0131d\u0131r ve orkestralarda enstr\u00fcmanlar\u0131n akortlanmas\u0131 i\u00e7in referans al\u0131n\u0131r.<\/li>\n<\/ul>\n\n\n\n<h2 class=\"wp-block-heading\"><strong>440 Hz: \u015eeytan Frekans\u0131 m\u0131?<\/strong><\/h2>\n\n\n\n<p>Baz\u0131 komplo teorisyenleri, 440 Hz&#8217;in insan bilinci ve ruh hali \u00fczerinde olumsuz etkiler yaratt\u0131\u011f\u0131n\u0131, hatta <strong>&#8220;\u015feytan frekans\u0131&#8221;<\/strong> olarak adland\u0131r\u0131ld\u0131\u011f\u0131n\u0131 \u00f6ne s\u00fcrmektedir. Bu g\u00f6r\u00fc\u015flerin arkas\u0131ndaki temel iddialar \u015funlard\u0131r:<\/p>\n\n\n\n<ol class=\"wp-block-list\">\n<li><strong>Hitler ve Nazi Almanyas\u0131 Teorisi<\/strong>: 440 Hz&#8217;in, Nazi Almanyas\u0131 taraf\u0131ndan kitlesel manip\u00fclasyon amac\u0131yla benimsendi\u011fi iddia edilmi\u015ftir. Ancak, bu iddiay\u0131 destekleyen bilimsel bir kan\u0131t bulunmamaktad\u0131r.<\/li>\n\n\n\n<li><strong>Do\u011fal Dengeye Ayk\u0131r\u0131l\u0131k<\/strong>: 440 Hz&#8217;in, insan v\u00fccudu ve do\u011fadaki titre\u015fim frekanslar\u0131yla uyumsuz oldu\u011fu ve bu nedenle rahats\u0131zl\u0131k yaratt\u0131\u011f\u0131 savunulmaktad\u0131r.<\/li>\n<\/ol>\n\n\n\n<p>Bu teoriler, bilimsel a\u00e7\u0131dan net bir \u015fekilde kan\u0131tlanmam\u0131\u015ft\u0131r. Ancak, 440 Hz&#8217;in negatif etkiler yaratt\u0131\u011f\u0131n\u0131 d\u00fc\u015f\u00fcnen baz\u0131 ki\u015filer alternatif olarak <strong>432 Hz<\/strong> frekans\u0131n\u0131 desteklemektedir.<\/p>\n\n\n\n<h2 class=\"wp-block-heading\"><strong>432 Hz: &#8220;Do\u011fan\u0131n Frekans\u0131&#8221; m\u0131?<\/strong><\/h2>\n\n\n\n<ul class=\"wp-block-list\">\n<li><strong>432 Hz<\/strong>, m\u00fczikal bir alternatif olarak \u00f6ne s\u00fcr\u00fclm\u00fc\u015ft\u00fcr ve baz\u0131 ki\u015filer bu frekans\u0131n insan ruhuna daha fazla huzur verdi\u011fini iddia etmektedir. Bunun arkas\u0131ndaki gerek\u00e7e, bu frekans\u0131n <strong>Schumann Rezonans\u0131<\/strong> (D\u00fcnyan\u0131n elektromanyetik titre\u015fim frekans\u0131) ve do\u011fan\u0131n ritimleriyle uyumlu oldu\u011fu d\u00fc\u015f\u00fcncesidir.<\/li>\n\n\n\n<li>432 Hz m\u00fczik dinleyen ki\u015filer, bu frekans\u0131n daha sakinle\u015ftirici, dingin ve do\u011fal bir etki yaratt\u0131\u011f\u0131n\u0131 bildirmektedir.<\/li>\n<\/ul>\n\n\n\n<h3 class=\"wp-block-heading\"><strong>Mozart ve La Notas\u0131<\/strong><\/h3>\n\n\n\n<p>Mozart&#8217;\u0131n <strong>La notas\u0131n\u0131 hi\u00e7 kullanmad\u0131\u011f\u0131<\/strong> y\u00f6n\u00fcndeki iddia do\u011fru de\u011fildir. Aksine, Mozart d\u00f6neminde kullan\u0131lan standart akort frekans\u0131 <strong>432 Hz civar\u0131ndayd\u0131<\/strong> ve eserlerini bu frekans do\u011frultusunda bestelemi\u015f olabilir. Ancak, bu tamamen d\u00f6nemsel bir durumdur ve 440 Hz&#8217;in standart hale getirilmesinden \u00f6nceki t\u00fcm eserler, 432 Hz gibi farkl\u0131 akort sistemlerinde \u00e7al\u0131n\u0131yordu.<\/p>\n\n\n\n<h2 class=\"wp-block-heading\"><strong>Ge\u00e7mi\u015ften G\u00fcn\u00fcm\u00fcze Akort Frekanslar\u0131<\/strong><\/h2>\n\n\n\n<ul class=\"wp-block-list\">\n<li><strong>Antik \u00c7a\u011f<\/strong>: Akort sistemleri co\u011frafi olarak farkl\u0131l\u0131k g\u00f6steriyordu. Belirli bir standart yoktu.<\/li>\n\n\n\n<li><strong>Barok D\u00f6nemi (1600\u20131750)<\/strong>: Akort frekans\u0131 genellikle 415 Hz civar\u0131ndayd\u0131.<\/li>\n\n\n\n<li><strong>18. ve 19. Y\u00fczy\u0131llar<\/strong>: 432 Hz, Avrupa&#8217;da yayg\u0131n bir akort standard\u0131 olarak kullan\u0131ld\u0131.<\/li>\n\n\n\n<li><strong>1939 ve sonras\u0131<\/strong>: 440 Hz, uluslararas\u0131 standart olarak kabul edildi.<\/li>\n<\/ul>\n\n\n\n<h3 class=\"wp-block-heading\"><strong>M\u00fczisyenler ve 432 Hz<\/strong><\/h3>\n\n\n\n<p>Baz\u0131 modern m\u00fczisyenler ve topluluklar, 432 Hz frekans\u0131n\u0131 tercih ederek bu akort sisteminde m\u00fczik yapmaktad\u0131r. \u00d6rne\u011fin:<\/p>\n\n\n\n<ul class=\"wp-block-list\">\n<li><strong>Andrea Bocelli<\/strong>: 432 Hz ile performans sergiledi\u011fi bilinen \u00fcnl\u00fc bir tenordur.<\/li>\n\n\n\n<li><strong>Ludovico Einaudi<\/strong>: Modern klasik eserlerinde 432 Hz&#8217;i tercih eden bestecilerden biridir.<\/li>\n\n\n\n<li><strong>Bob Marley<\/strong>: Marley&#8217;nin kay\u0131tlar\u0131n\u0131n baz\u0131lar\u0131 432 Hz akort sisteminde oldu\u011fu iddia edilir.<\/li>\n<\/ul>\n\n\n\n<h3 class=\"wp-block-heading\"><strong>Frekanslar\u0131n \u0130nsan \u00dczerindeki Etkisi<\/strong><\/h3>\n\n\n\n<ul class=\"wp-block-list\">\n<li><strong>528 Hz ve Di\u011fer Frekanslar:<\/strong> 528 Hz&#8217;in &#8220;sevgi frekans\u0131&#8221; olarak tan\u0131mland\u0131\u011f\u0131, di\u011fer frekanslar\u0131n ise \u00e7e\u015fitli duygusal ve ruhsal etkiler sundu\u011fu iddia ediliyor. Bu frekanslar\u0131n &#8220;iyile\u015ftirici titre\u015fimlere&#8221; sahip oldu\u011funa dair baz\u0131 alternatif terapiler ve metafizik yakla\u015f\u0131mlar bulunmakta.<\/li>\n\n\n\n<li><strong>Su Molek\u00fclleri Deneyi:<\/strong> Su molek\u00fcllerinin ses veya s\u00f6zc\u00fcklere tepki verdi\u011fi, Masaru Emoto&#8217;nun deneyleriyle pop\u00fclerle\u015fmi\u015f bir iddiad\u0131r. Ancak bu deneyler bilimsel olarak yayg\u0131n kabul g\u00f6rmemi\u015ftir.<\/li>\n<\/ul>\n\n\n\n<h2 class=\"wp-block-heading\"><strong>440 Hz Frekans\u0131 Tarih\u00e7esi<\/strong><\/h2>\n\n\n\n<figure class=\"wp-block-image size-large\"><img fetchpriority=\"high\" decoding=\"async\" width=\"1024\" height=\"585\" src=\"https:\/\/intellerzone.com\/wp-content\/uploads\/2025\/01\/Designer-23-1024x585.jpeg\" alt=\"\" class=\"wp-image-1241\" srcset=\"https:\/\/intellerzone.com\/wp-content\/uploads\/2025\/01\/Designer-23-1024x585.jpeg 1024w, https:\/\/intellerzone.com\/wp-content\/uploads\/2025\/01\/Designer-23-300x171.jpeg 300w, https:\/\/intellerzone.com\/wp-content\/uploads\/2025\/01\/Designer-23-768x439.jpeg 768w, https:\/\/intellerzone.com\/wp-content\/uploads\/2025\/01\/Designer-23-1536x878.jpeg 1536w, https:\/\/intellerzone.com\/wp-content\/uploads\/2025\/01\/Designer-23-18x10.jpeg 18w, https:\/\/intellerzone.com\/wp-content\/uploads\/2025\/01\/Designer-23-640x366.jpeg 640w, https:\/\/intellerzone.com\/wp-content\/uploads\/2025\/01\/Designer-23-600x343.jpeg 600w, https:\/\/intellerzone.com\/wp-content\/uploads\/2025\/01\/Designer-23.jpeg 1792w\" sizes=\"(max-width: 1024px) 100vw, 1024px\" \/><\/figure>\n\n\n\n<ul class=\"wp-block-list\">\n<li><strong>A=440 Hz&#8217;in Tarihi:<\/strong> G\u00fcn\u00fcm\u00fczde kullan\u0131lan m\u00fczik standartlar\u0131n\u0131n, 20. y\u00fczy\u0131l\u0131n ba\u015flar\u0131nda standartla\u015ft\u0131r\u0131ld\u0131\u011f\u0131 do\u011fru. 1939&#8217;da Londra&#8217;da yap\u0131lan bir konferansta 440 Hz&#8217;in standart olarak benimsenmesi \u00f6nerilmi\u015f, 1955&#8217;te ISO taraf\u0131ndan resmile\u015ftirilmi\u015ftir. Ancak bu kararlar\u0131n ard\u0131nda spek\u00fclatif komplo teorileri oldu\u011fu iddias\u0131 bilimsel temelden yoksundur.<\/li>\n\n\n\n<li><strong>Alternatif Frekanslar:<\/strong> A=444 Hz (C=528 Hz) gibi alternatif frekanslar\u0131n, insan ruhu ve do\u011fayla daha uyumlu oldu\u011fu baz\u0131 \u00e7evrelerce savunulsa da bu konuda yeterince bilimsel veri bulunmamaktad\u0131r.<\/li>\n<\/ul>\n\n\n\n<h3 class=\"wp-block-heading\"><strong>Komplo Teorileri<\/strong><\/h3>\n\n\n\n<ul class=\"wp-block-list\">\n<li><strong>Rockefeller ve Rothschild Aileleri:<\/strong> Bu ailelerin m\u00fczik frekanslar\u0131n\u0131n standartla\u015ft\u0131r\u0131lmas\u0131nda, insan psikolojisini kontrol etme amac\u0131 g\u00fctt\u00fc\u011f\u00fc iddialar\u0131 s\u0131k\u00e7a dile getirilir. Ancak bu, daha \u00e7ok komplo teorilerine dayal\u0131d\u0131r ve do\u011frudan kan\u0131tlarla desteklenmemektedir.<\/li>\n\n\n\n<li><strong>Naziler ve Frekanslar:<\/strong> 2. D\u00fcnya Sava\u015f\u0131 s\u0131ras\u0131nda propagandada m\u00fczik ve sesin kullan\u0131ld\u0131\u011f\u0131 do\u011fru olsa da, 440 Hz&#8217;in insanlar\u0131 manip\u00fcle etmek i\u00e7in kas\u0131tl\u0131 olarak se\u00e7ildi\u011fine dair somut bir kan\u0131t bulunmamaktad\u0131r.<\/li>\n<\/ul>\n\n\n\n<h3 class=\"wp-block-heading\"><strong>Bilimsel ve Metafiziksel Yakla\u015f\u0131mlar<\/strong><\/h3>\n\n\n\n<ul class=\"wp-block-list\">\n<li><strong>Biyoenerji ve \u00c7akralar:<\/strong> Frekanslar\u0131n insan \u00e7akralar\u0131 \u00fczerinde etkili oldu\u011fu iddias\u0131, spirit\u00fcel ve metafiziksel bir yakla\u015f\u0131md\u0131r. Bilimsel d\u00fcnyada bu konu hen\u00fcz somut bir temele oturtulmam\u0131\u015ft\u0131r.<\/li>\n\n\n\n<li><strong>\u201c\u015eeytan\u0131n \u0130ntervali\u201d (Diabolus in Musica):<\/strong> M\u00fczikte triton aral\u0131\u011f\u0131n\u0131n (\u00f6rne\u011fin A ve E\u266d notalar\u0131n\u0131n ayn\u0131 anda \u00e7al\u0131nmas\u0131) tarihsel olarak &#8220;rahats\u0131z edici&#8221; bulundu\u011fu ve dini m\u00fczikten uzak duruldu\u011fu bilinir. Ancak bu tamamen k\u00fclt\u00fcrel ve estetik bir alg\u0131d\u0131r.<\/li>\n<\/ul>\n\n\n\n<h3 class=\"wp-block-heading\"><strong>Sonu\u00e7<\/strong><\/h3>\n\n\n\n<p>440 Hz ve 432 Hz tart\u0131\u015fmas\u0131, hem m\u00fczikal hem de ki\u015fisel deneyimlerle \u015fekillenmi\u015ftir. Bilimsel a\u00e7\u0131dan, 440 Hz&#8217;in &#8220;\u015feytan frekans\u0131&#8221; oldu\u011funa dair somut bir kan\u0131t yoktur. Ancak, 432 Hz&#8217;in insanlara daha do\u011fal ve huzurlu bir his verdi\u011fi y\u00f6n\u00fcndeki g\u00f6r\u00fc\u015fler, bireysel deneyimlerle desteklenmektedir.<\/p>\n\n\n\n<p>Siz de a\u015fa\u011f\u0131daki videoyu izleyerek 440 Hz ve 432 Hz aras\u0131ndaki fark\u0131 hissedebilir, bu frekanslar\u0131n \u00fczerinizdeki etkilerini ke\u015ffedebilirsiniz.<\/p>\n\n\n\n<figure class=\"wp-block-embed is-type-video is-provider-youtube wp-block-embed-youtube wp-embed-aspect-16-9 wp-has-aspect-ratio\"><div class=\"wp-block-embed__wrapper\">\n<iframe title=\"Comparing 440Hz to 432Hz\" width=\"640\" height=\"360\" src=\"https:\/\/www.youtube.com\/embed\/dpV1ufAu8fQ?feature=oembed\" frameborder=\"0\" allow=\"accelerometer; autoplay; clipboard-write; encrypted-media; gyroscope; picture-in-picture; web-share\" referrerpolicy=\"strict-origin-when-cross-origin\" allowfullscreen><\/iframe>\n<\/div><\/figure>\n\n\n\n<hr class=\"wp-block-separator has-alpha-channel-opacity\"\/>\n\n\n\n<p>Emojilerle tepki ver!<\/p>","protected":false},"excerpt":{"rendered":"<p>440 Hz frekans\u0131, g\u00fcn\u00fcm\u00fczde m\u00fczikte standart akort&#8230;<\/p>","protected":false},"author":2,"featured_media":1240,"comment_status":"open","ping_status":"closed","sticky":false,"template":"","format":"standard","meta":{"_themeisle_gutenberg_block_has_review":false,"_jetpack_memberships_contains_paid_content":false,"footnotes":""},"categories":[22,10,9],"tags":[1170,1173,1176,1179,1182,735,1185,1188,1191,1194,1197,1200,1203,1206,1209,1212,1215,1218,1221,1224,1227,1230,1233,1236,1239,1242,1245,1248,1251,1254,1257,1260,1263,1266,1269,1272,1275],"class_list":["post-1238","post","type-post","status-publish","format-standard","has-post-thumbnail","hentry","category-metafizik","category-muzik","category-sanat","tag-432-hz-tr","tag-528-hz-tr","tag-akort-tr","tag-andrea-bocelli-tr","tag-antik-cag-tr","tag-bilimsel","tag-biyonerji-tr","tag-bob-mrley-tr","tag-cakralar-tr","tag-diabolus-in-musica-tr","tag-doga-tr","tag-dogal-tr","tag-frekans-tr","tag-frekansi-tr","tag-frekanslarin-etkisi-tr","tag-gunumuzde-tr","tag-hitler-tr","tag-komplo-tr","tag-komplo-teorisi-tr","tag-la-notasi-tr","tag-ludovico-einaudi-tr","tag-masru-emoto-tr","tag-modern-tr","tag-mozart-tr","tag-muzisyenler-tr","tag-naziler-tr","tag-rockefeller-tr","tag-rothschild-tr","tag-seytan-tr","tag-seytan-frekansi-tr","tag-seytanin-intervali-tr","tag-sifa-verici-tr","tag-standart-tr","tag-tarihcesi-tr","tag-teorileri-tr","tag-titresim-tr","tag-uzerindeki-tr"],"yoast_head":"<!-- This site is optimized with the Yoast SEO plugin v25.9 - https:\/\/yoast.com\/wordpress\/plugins\/seo\/ -->\n<title>\u015eeytan Frekans\u0131: Modern M\u00fczikte 440 Hz - Intellerzone<\/title>\n<meta name=\"description\" content=\"Bu yaz\u0131m\u0131zda 440 Hz&#039;in &#039;\u015feytan frekans\u0131&#039; olarak an\u0131lmas\u0131n\u0131n ard\u0131ndaki tart\u0131\u015fmalar\u0131 ve 432 Hz&#039;in insan \u00fczerindeki etkilerini inceliyoruz!\" \/>\n<meta name=\"robots\" content=\"index, follow, max-snippet:-1, max-image-preview:large, max-video-preview:-1\" \/>\n<link rel=\"canonical\" href=\"https:\/\/intellerzone.com\/tr\/seytan-frekansi-modern-muzikte-440-hz\/\" \/>\n<meta property=\"og:locale\" content=\"tr_TR\" \/>\n<meta property=\"og:type\" content=\"article\" \/>\n<meta property=\"og:title\" content=\"\u015eeytan Frekans\u0131: Modern M\u00fczikte 440 Hz - Intellerzone\" \/>\n<meta property=\"og:description\" content=\"Bu yaz\u0131m\u0131zda 440 Hz&#039;in &#039;\u015feytan frekans\u0131&#039; olarak an\u0131lmas\u0131n\u0131n ard\u0131ndaki tart\u0131\u015fmalar\u0131 ve 432 Hz&#039;in insan \u00fczerindeki etkilerini inceliyoruz!\" \/>\n<meta property=\"og:url\" content=\"https:\/\/intellerzone.com\/tr\/seytan-frekansi-modern-muzikte-440-hz\/\" \/>\n<meta property=\"og:site_name\" content=\"Intellerzone\" \/>\n<meta property=\"article:published_time\" content=\"2025-01-17T12:29:06+00:00\" \/>\n<meta property=\"article:modified_time\" content=\"2025-05-21T01:05:16+00:00\" \/>\n<meta property=\"og:image\" content=\"https:\/\/intellerzone.com\/wp-content\/uploads\/2025\/01\/Designer-20.jpeg\" \/>\n\t<meta property=\"og:image:width\" content=\"1792\" \/>\n\t<meta property=\"og:image:height\" content=\"1024\" \/>\n\t<meta property=\"og:image:type\" content=\"image\/jpeg\" \/>\n<meta name=\"author\" content=\"Editor\" \/>\n<meta name=\"twitter:card\" content=\"summary_large_image\" \/>\n<meta name=\"twitter:creator\" content=\"@Intellerzone\" \/>\n<meta name=\"twitter:site\" content=\"@Intellerzone\" \/>\n<meta name=\"twitter:label1\" content=\"Yazan:\" \/>\n\t<meta name=\"twitter:data1\" content=\"Editor\" \/>\n\t<meta name=\"twitter:label2\" content=\"Tahmini okuma s\u00fcresi\" \/>\n\t<meta name=\"twitter:data2\" content=\"4 dakika\" \/>\n<script type=\"application\/ld+json\" class=\"yoast-schema-graph\">{\"@context\":\"https:\/\/schema.org\",\"@graph\":[{\"@type\":\"Article\",\"@id\":\"https:\/\/intellerzone.com\/tr\/seytan-frekansi-modern-muzikte-440-hz\/#article\",\"isPartOf\":{\"@id\":\"https:\/\/intellerzone.com\/tr\/seytan-frekansi-modern-muzikte-440-hz\/\"},\"author\":{\"name\":\"Editor\",\"@id\":\"https:\/\/intellerzone.com\/tr\/#\/schema\/person\/69bed2f1196816debc4944ff96f238a4\"},\"headline\":\"\u015eeytan Frekans\u0131: Modern M\u00fczikte 440 Hz\",\"datePublished\":\"2025-01-17T12:29:06+00:00\",\"dateModified\":\"2025-05-21T01:05:16+00:00\",\"mainEntityOfPage\":{\"@id\":\"https:\/\/intellerzone.com\/tr\/seytan-frekansi-modern-muzikte-440-hz\/\"},\"wordCount\":1004,\"commentCount\":0,\"publisher\":{\"@id\":\"https:\/\/intellerzone.com\/tr\/#organization\"},\"image\":{\"@id\":\"https:\/\/intellerzone.com\/tr\/seytan-frekansi-modern-muzikte-440-hz\/#primaryimage\"},\"thumbnailUrl\":\"https:\/\/intellerzone.com\/wp-content\/uploads\/2025\/01\/Designer-20.jpeg\",\"keywords\":[\"432 hz\",\"528 hz\",\"akort\",\"andrea bocelli\",\"antik \u00e7a\u011f\",\"bilimsel\",\"biyonerji\",\"bob mrley\",\"\u00e7akralar\",\"diabolus in musica\",\"do\u011fa\",\"do\u011fal\",\"frekans\",\"frekans\u0131\",\"frekanslar\u0131n etkisi\",\"g\u00fcn\u00fcm\u00fczde\",\"hitler\",\"komplo\",\"komplo teorisi\",\"la notas\u0131\",\"ludovico einaudi\",\"masru emoto\",\"modern\",\"mozart\",\"m\u00fczisyenler\",\"naziler\",\"rockefeller\",\"rothschild\",\"\u015feytan\",\"\u015feytan frekans\u0131\",\"\u015feytan\u0131n intervali\",\"\u015fifa verici\",\"standart\",\"tarih\u00e7esi\",\"teorileri\",\"titre\u015fim\",\"\u00fczerindeki\"],\"articleSection\":[\"METAF\u0130Z\u0130K\",\"M\u00dcZ\u0130K\",\"SANAT\"],\"inLanguage\":\"tr\",\"potentialAction\":[{\"@type\":\"CommentAction\",\"name\":\"Comment\",\"target\":[\"https:\/\/intellerzone.com\/tr\/seytan-frekansi-modern-muzikte-440-hz\/#respond\"]}]},{\"@type\":\"WebPage\",\"@id\":\"https:\/\/intellerzone.com\/tr\/seytan-frekansi-modern-muzikte-440-hz\/\",\"url\":\"https:\/\/intellerzone.com\/tr\/seytan-frekansi-modern-muzikte-440-hz\/\",\"name\":\"\u015eeytan Frekans\u0131: Modern M\u00fczikte 440 Hz - Intellerzone\",\"isPartOf\":{\"@id\":\"https:\/\/intellerzone.com\/tr\/#website\"},\"primaryImageOfPage\":{\"@id\":\"https:\/\/intellerzone.com\/tr\/seytan-frekansi-modern-muzikte-440-hz\/#primaryimage\"},\"image\":{\"@id\":\"https:\/\/intellerzone.com\/tr\/seytan-frekansi-modern-muzikte-440-hz\/#primaryimage\"},\"thumbnailUrl\":\"https:\/\/intellerzone.com\/wp-content\/uploads\/2025\/01\/Designer-20.jpeg\",\"datePublished\":\"2025-01-17T12:29:06+00:00\",\"dateModified\":\"2025-05-21T01:05:16+00:00\",\"description\":\"Bu yaz\u0131m\u0131zda 440 Hz'in '\u015feytan frekans\u0131' olarak an\u0131lmas\u0131n\u0131n ard\u0131ndaki tart\u0131\u015fmalar\u0131 ve 432 Hz'in insan \u00fczerindeki etkilerini inceliyoruz!\",\"breadcrumb\":{\"@id\":\"https:\/\/intellerzone.com\/tr\/seytan-frekansi-modern-muzikte-440-hz\/#breadcrumb\"},\"inLanguage\":\"tr\",\"potentialAction\":[{\"@type\":\"ReadAction\",\"target\":[\"https:\/\/intellerzone.com\/tr\/seytan-frekansi-modern-muzikte-440-hz\/\"]}]},{\"@type\":\"ImageObject\",\"inLanguage\":\"tr\",\"@id\":\"https:\/\/intellerzone.com\/tr\/seytan-frekansi-modern-muzikte-440-hz\/#primaryimage\",\"url\":\"https:\/\/intellerzone.com\/wp-content\/uploads\/2025\/01\/Designer-20.jpeg\",\"contentUrl\":\"https:\/\/intellerzone.com\/wp-content\/uploads\/2025\/01\/Designer-20.jpeg\",\"width\":1792,\"height\":1024},{\"@type\":\"BreadcrumbList\",\"@id\":\"https:\/\/intellerzone.com\/tr\/seytan-frekansi-modern-muzikte-440-hz\/#breadcrumb\",\"itemListElement\":[{\"@type\":\"ListItem\",\"position\":1,\"name\":\"Anasayfa\",\"item\":\"https:\/\/intellerzone.com\/tr\/\"},{\"@type\":\"ListItem\",\"position\":2,\"name\":\"\u015eeytan Frekans\u0131: Modern M\u00fczikte 440 Hz\"}]},{\"@type\":\"WebSite\",\"@id\":\"https:\/\/intellerzone.com\/tr\/#website\",\"url\":\"https:\/\/intellerzone.com\/tr\/\",\"name\":\"Intellerzone\",\"description\":\"Entelekt\u00fcellerin #1 Numaral\u0131 Platformu\",\"publisher\":{\"@id\":\"https:\/\/intellerzone.com\/tr\/#organization\"},\"potentialAction\":[{\"@type\":\"SearchAction\",\"target\":{\"@type\":\"EntryPoint\",\"urlTemplate\":\"https:\/\/intellerzone.com\/tr\/?s={search_term_string}\"},\"query-input\":{\"@type\":\"PropertyValueSpecification\",\"valueRequired\":true,\"valueName\":\"search_term_string\"}}],\"inLanguage\":\"tr\"},{\"@type\":\"Organization\",\"@id\":\"https:\/\/intellerzone.com\/tr\/#organization\",\"name\":\"Intellerzone\",\"url\":\"https:\/\/intellerzone.com\/tr\/\",\"logo\":{\"@type\":\"ImageObject\",\"inLanguage\":\"tr\",\"@id\":\"https:\/\/intellerzone.com\/tr\/#\/schema\/logo\/image\/\",\"url\":\"https:\/\/intellerzone.com\/wp-content\/uploads\/2024\/12\/cropped-intellerzone-logo-guncel-3.png\",\"contentUrl\":\"https:\/\/intellerzone.com\/wp-content\/uploads\/2024\/12\/cropped-intellerzone-logo-guncel-3.png\",\"width\":1399,\"height\":207,\"caption\":\"Intellerzone\"},\"image\":{\"@id\":\"https:\/\/intellerzone.com\/tr\/#\/schema\/logo\/image\/\"},\"sameAs\":[\"https:\/\/x.com\/Intellerzone\",\"https:\/\/www.youtube.com\/@Intellerzone\",\"https:\/\/www.instagram.com\/intellerzone\/\"]},{\"@type\":\"Person\",\"@id\":\"https:\/\/intellerzone.com\/tr\/#\/schema\/person\/69bed2f1196816debc4944ff96f238a4\",\"name\":\"Editor\",\"image\":{\"@type\":\"ImageObject\",\"inLanguage\":\"tr\",\"@id\":\"https:\/\/intellerzone.com\/tr\/#\/schema\/person\/image\/\",\"url\":\"https:\/\/intellerzone.com\/wp-content\/litespeed\/avatar\/a7019b0e446250910b53bf8553246488.jpg?ver=1777762850\",\"contentUrl\":\"https:\/\/intellerzone.com\/wp-content\/litespeed\/avatar\/a7019b0e446250910b53bf8553246488.jpg?ver=1777762850\",\"caption\":\"Editor\"},\"url\":\"https:\/\/intellerzone.com\/tr\/author\/editor\/\"}]}<\/script>\n<!-- \/ Yoast SEO plugin. -->","yoast_head_json":{"title":"\u015eeytan Frekans\u0131: Modern M\u00fczikte 440 Hz - Intellerzone","description":"Bu yaz\u0131m\u0131zda 440 Hz'in '\u015feytan frekans\u0131' olarak an\u0131lmas\u0131n\u0131n ard\u0131ndaki tart\u0131\u015fmalar\u0131 ve 432 Hz'in insan \u00fczerindeki etkilerini inceliyoruz!","robots":{"index":"index","follow":"follow","max-snippet":"max-snippet:-1","max-image-preview":"max-image-preview:large","max-video-preview":"max-video-preview:-1"},"canonical":"https:\/\/intellerzone.com\/tr\/seytan-frekansi-modern-muzikte-440-hz\/","og_locale":"tr_TR","og_type":"article","og_title":"\u015eeytan Frekans\u0131: Modern M\u00fczikte 440 Hz - Intellerzone","og_description":"Bu yaz\u0131m\u0131zda 440 Hz'in '\u015feytan frekans\u0131' olarak an\u0131lmas\u0131n\u0131n ard\u0131ndaki tart\u0131\u015fmalar\u0131 ve 432 Hz'in insan \u00fczerindeki etkilerini inceliyoruz!","og_url":"https:\/\/intellerzone.com\/tr\/seytan-frekansi-modern-muzikte-440-hz\/","og_site_name":"Intellerzone","article_published_time":"2025-01-17T12:29:06+00:00","article_modified_time":"2025-05-21T01:05:16+00:00","og_image":[{"width":1792,"height":1024,"url":"https:\/\/intellerzone.com\/wp-content\/uploads\/2025\/01\/Designer-20.jpeg","type":"image\/jpeg"}],"author":"Editor","twitter_card":"summary_large_image","twitter_creator":"@Intellerzone","twitter_site":"@Intellerzone","twitter_misc":{"Yazan:":"Editor","Tahmini okuma s\u00fcresi":"4 dakika"},"schema":{"@context":"https:\/\/schema.org","@graph":[{"@type":"Article","@id":"https:\/\/intellerzone.com\/tr\/seytan-frekansi-modern-muzikte-440-hz\/#article","isPartOf":{"@id":"https:\/\/intellerzone.com\/tr\/seytan-frekansi-modern-muzikte-440-hz\/"},"author":{"name":"Editor","@id":"https:\/\/intellerzone.com\/tr\/#\/schema\/person\/69bed2f1196816debc4944ff96f238a4"},"headline":"\u015eeytan Frekans\u0131: Modern M\u00fczikte 440 Hz","datePublished":"2025-01-17T12:29:06+00:00","dateModified":"2025-05-21T01:05:16+00:00","mainEntityOfPage":{"@id":"https:\/\/intellerzone.com\/tr\/seytan-frekansi-modern-muzikte-440-hz\/"},"wordCount":1004,"commentCount":0,"publisher":{"@id":"https:\/\/intellerzone.com\/tr\/#organization"},"image":{"@id":"https:\/\/intellerzone.com\/tr\/seytan-frekansi-modern-muzikte-440-hz\/#primaryimage"},"thumbnailUrl":"https:\/\/intellerzone.com\/wp-content\/uploads\/2025\/01\/Designer-20.jpeg","keywords":["432 hz","528 hz","akort","andrea bocelli","antik \u00e7a\u011f","bilimsel","biyonerji","bob mrley","\u00e7akralar","diabolus in musica","do\u011fa","do\u011fal","frekans","frekans\u0131","frekanslar\u0131n etkisi","g\u00fcn\u00fcm\u00fczde","hitler","komplo","komplo teorisi","la notas\u0131","ludovico einaudi","masru emoto","modern","mozart","m\u00fczisyenler","naziler","rockefeller","rothschild","\u015feytan","\u015feytan frekans\u0131","\u015feytan\u0131n intervali","\u015fifa verici","standart","tarih\u00e7esi","teorileri","titre\u015fim","\u00fczerindeki"],"articleSection":["METAF\u0130Z\u0130K","M\u00dcZ\u0130K","SANAT"],"inLanguage":"tr","potentialAction":[{"@type":"CommentAction","name":"Comment","target":["https:\/\/intellerzone.com\/tr\/seytan-frekansi-modern-muzikte-440-hz\/#respond"]}]},{"@type":"WebPage","@id":"https:\/\/intellerzone.com\/tr\/seytan-frekansi-modern-muzikte-440-hz\/","url":"https:\/\/intellerzone.com\/tr\/seytan-frekansi-modern-muzikte-440-hz\/","name":"\u015eeytan Frekans\u0131: Modern M\u00fczikte 440 Hz - Intellerzone","isPartOf":{"@id":"https:\/\/intellerzone.com\/tr\/#website"},"primaryImageOfPage":{"@id":"https:\/\/intellerzone.com\/tr\/seytan-frekansi-modern-muzikte-440-hz\/#primaryimage"},"image":{"@id":"https:\/\/intellerzone.com\/tr\/seytan-frekansi-modern-muzikte-440-hz\/#primaryimage"},"thumbnailUrl":"https:\/\/intellerzone.com\/wp-content\/uploads\/2025\/01\/Designer-20.jpeg","datePublished":"2025-01-17T12:29:06+00:00","dateModified":"2025-05-21T01:05:16+00:00","description":"Bu yaz\u0131m\u0131zda 440 Hz'in '\u015feytan frekans\u0131' olarak an\u0131lmas\u0131n\u0131n ard\u0131ndaki tart\u0131\u015fmalar\u0131 ve 432 Hz'in insan \u00fczerindeki etkilerini inceliyoruz!","breadcrumb":{"@id":"https:\/\/intellerzone.com\/tr\/seytan-frekansi-modern-muzikte-440-hz\/#breadcrumb"},"inLanguage":"tr","potentialAction":[{"@type":"ReadAction","target":["https:\/\/intellerzone.com\/tr\/seytan-frekansi-modern-muzikte-440-hz\/"]}]},{"@type":"ImageObject","inLanguage":"tr","@id":"https:\/\/intellerzone.com\/tr\/seytan-frekansi-modern-muzikte-440-hz\/#primaryimage","url":"https:\/\/intellerzone.com\/wp-content\/uploads\/2025\/01\/Designer-20.jpeg","contentUrl":"https:\/\/intellerzone.com\/wp-content\/uploads\/2025\/01\/Designer-20.jpeg","width":1792,"height":1024},{"@type":"BreadcrumbList","@id":"https:\/\/intellerzone.com\/tr\/seytan-frekansi-modern-muzikte-440-hz\/#breadcrumb","itemListElement":[{"@type":"ListItem","position":1,"name":"Anasayfa","item":"https:\/\/intellerzone.com\/tr\/"},{"@type":"ListItem","position":2,"name":"\u015eeytan Frekans\u0131: Modern M\u00fczikte 440 Hz"}]},{"@type":"WebSite","@id":"https:\/\/intellerzone.com\/tr\/#website","url":"https:\/\/intellerzone.com\/tr\/","name":"Intellerzone","description":"Entelekt\u00fcellerin #1 Numaral\u0131 Platformu","publisher":{"@id":"https:\/\/intellerzone.com\/tr\/#organization"},"potentialAction":[{"@type":"SearchAction","target":{"@type":"EntryPoint","urlTemplate":"https:\/\/intellerzone.com\/tr\/?s={search_term_string}"},"query-input":{"@type":"PropertyValueSpecification","valueRequired":true,"valueName":"search_term_string"}}],"inLanguage":"tr"},{"@type":"Organization","@id":"https:\/\/intellerzone.com\/tr\/#organization","name":"Intellerzone","url":"https:\/\/intellerzone.com\/tr\/","logo":{"@type":"ImageObject","inLanguage":"tr","@id":"https:\/\/intellerzone.com\/tr\/#\/schema\/logo\/image\/","url":"https:\/\/intellerzone.com\/wp-content\/uploads\/2024\/12\/cropped-intellerzone-logo-guncel-3.png","contentUrl":"https:\/\/intellerzone.com\/wp-content\/uploads\/2024\/12\/cropped-intellerzone-logo-guncel-3.png","width":1399,"height":207,"caption":"Intellerzone"},"image":{"@id":"https:\/\/intellerzone.com\/tr\/#\/schema\/logo\/image\/"},"sameAs":["https:\/\/x.com\/Intellerzone","https:\/\/www.youtube.com\/@Intellerzone","https:\/\/www.instagram.com\/intellerzone\/"]},{"@type":"Person","@id":"https:\/\/intellerzone.com\/tr\/#\/schema\/person\/69bed2f1196816debc4944ff96f238a4","name":"Editor","image":{"@type":"ImageObject","inLanguage":"tr","@id":"https:\/\/intellerzone.com\/tr\/#\/schema\/person\/image\/","url":"https:\/\/intellerzone.com\/wp-content\/litespeed\/avatar\/a7019b0e446250910b53bf8553246488.jpg?ver=1777762850","contentUrl":"https:\/\/intellerzone.com\/wp-content\/litespeed\/avatar\/a7019b0e446250910b53bf8553246488.jpg?ver=1777762850","caption":"Editor"},"url":"https:\/\/intellerzone.com\/tr\/author\/editor\/"}]}},"jetpack_featured_media_url":"https:\/\/intellerzone.com\/wp-content\/uploads\/2025\/01\/Designer-20.jpeg","jetpack_sharing_enabled":true,"_links":{"self":[{"href":"https:\/\/intellerzone.com\/tr\/wp-json\/wp\/v2\/posts\/1238","targetHints":{"allow":["GET"]}}],"collection":[{"href":"https:\/\/intellerzone.com\/tr\/wp-json\/wp\/v2\/posts"}],"about":[{"href":"https:\/\/intellerzone.com\/tr\/wp-json\/wp\/v2\/types\/post"}],"author":[{"embeddable":true,"href":"https:\/\/intellerzone.com\/tr\/wp-json\/wp\/v2\/users\/2"}],"replies":[{"embeddable":true,"href":"https:\/\/intellerzone.com\/tr\/wp-json\/wp\/v2\/comments?post=1238"}],"version-history":[{"count":2,"href":"https:\/\/intellerzone.com\/tr\/wp-json\/wp\/v2\/posts\/1238\/revisions"}],"predecessor-version":[{"id":1860,"href":"https:\/\/intellerzone.com\/tr\/wp-json\/wp\/v2\/posts\/1238\/revisions\/1860"}],"wp:featuredmedia":[{"embeddable":true,"href":"https:\/\/intellerzone.com\/tr\/wp-json\/wp\/v2\/media\/1240"}],"wp:attachment":[{"href":"https:\/\/intellerzone.com\/tr\/wp-json\/wp\/v2\/media?parent=1238"}],"wp:term":[{"taxonomy":"category","embeddable":true,"href":"https:\/\/intellerzone.com\/tr\/wp-json\/wp\/v2\/categories?post=1238"},{"taxonomy":"post_tag","embeddable":true,"href":"https:\/\/intellerzone.com\/tr\/wp-json\/wp\/v2\/tags?post=1238"}],"curies":[{"name":"wp","href":"https:\/\/api.w.org\/{rel}","templated":true}]}}