{"id":1766,"date":"2025-04-20T13:00:00","date_gmt":"2025-04-20T13:00:00","guid":{"rendered":"https:\/\/intellerzone.com\/?p=1766"},"modified":"2025-05-20T23:14:12","modified_gmt":"2025-05-20T23:14:12","slug":"ulukurtlar-geri-mi-dondu-bilimin-sinirlarini-zorlayan-gelisme","status":"publish","type":"post","link":"https:\/\/intellerzone.com\/tr\/ulukurtlar-geri-mi-dondu-bilimin-sinirlarini-zorlayan-gelisme\/","title":{"rendered":"Ulukurtlar Geri Mi D\u00f6nd\u00fc? Bilimin S\u0131n\u0131rlar\u0131n\u0131 Zorlayan Geli\u015fme"},"content":{"rendered":"<p>Son g\u00fcnlerde hem bilim d\u00fcnyas\u0131nda hem de sosyal medyada s\u0131k\u00e7a duydu\u011fumuz bir soru var: <strong>&#8220;Ulukurtlar geri mi d\u00f6nd\u00fc?&#8221;<\/strong> Bir zamanlar Kuzey Amerika\u2019n\u0131n en b\u00fcy\u00fck avc\u0131lar\u0131ndan biri olan, 12.000 y\u0131l \u00f6nce nesli t\u00fckenen <strong>&#8220;Ulukurt&#8221;<\/strong> (Dire Wolf \u2013 <em>Aenocyon dirus<\/em>) ile ilgili geli\u015fmeler, bilim d\u00fcnyas\u0131n\u0131 heyecanland\u0131rd\u0131\u011f\u0131 kadar tart\u0131\u015fmaya da a\u00e7t\u0131.<\/p>\n\n\n\n<h2 class=\"wp-block-heading\">Ulukurtlar Kimdir?<\/h2>\n\n\n\n<p>Ulukurtlar, binlerce y\u0131l \u00f6nce ya\u015fam\u0131\u015f devasa bir kurt t\u00fcr\u00fcyd\u00fc. Bug\u00fcnk\u00fc gri kurtlardan daha iri ve g\u00fc\u00e7l\u00fcyd\u00fcler. Kuzey ve G\u00fcney Amerika&#8217;n\u0131n b\u00fcy\u00fck b\u00f6l\u00fcm\u00fcnde yayg\u0131n olarak bulunan bu canl\u0131lar, buzul \u00e7a\u011f\u0131n\u0131n sonlar\u0131na do\u011fru nesli t\u00fckenen t\u00fcrler aras\u0131nda yer ald\u0131. Arkeolojik kaz\u0131larda \u00f6zellikle Los Angeles&#8217;taki La Brea Katran \u00c7ukurlar\u0131\u2019ndan \u00e7\u0131kan kal\u0131nt\u0131lar sayesinde \u00e7ok say\u0131da fosili ortaya \u00e7\u0131kar\u0131lm\u0131\u015ft\u0131.<\/p>\n\n\n\n<h2 class=\"wp-block-heading\">Bilim Ne Diyor?<\/h2>\n\n\n\n<p>Nisan 2025\u2019te yay\u0131mlanan g\u00fcncel \u00e7al\u0131\u015fmalara g\u00f6re, ara\u015ft\u0131rmac\u0131lar ulukurtlara ait <strong>antik DNA \u00f6rneklerini analiz ederek<\/strong>, bu soyu t\u00fckenmi\u015f t\u00fcr\u00fcn genetik yap\u0131s\u0131n\u0131 b\u00fcy\u00fck \u00f6l\u00e7\u00fcde ortaya \u00e7\u0131kard\u0131. CRISPR gibi <strong>gen d\u00fczenleme teknolojileri<\/strong> kullan\u0131larak, laboratuvar ortam\u0131nda ulukurt genlerine sahip organizmalar \u00fcretilmeye ba\u015fland\u0131.<\/p>\n\n\n\n<p>Bu durum &#8220;Ulukurtlar ger\u00e7ekten geri mi d\u00f6nd\u00fc?&#8221; sorusunu do\u011furdu. Ancak uzmanlar bu konuda temkinli. Buffalo \u00dcniversitesi\u2019nden Biyolog Vincent Lynch\u2019e g\u00f6re, \u201cSadece d\u0131\u015f g\u00f6r\u00fcn\u00fc\u015f\u00fc benzetmek, t\u00fcr\u00fc geri getirmek anlam\u0131na gelmiyor. Ger\u00e7ek bir ulukurt, \u00e7evresiyle birlikte evrim ge\u00e7irmi\u015f bir varl\u0131kt\u0131r.\u201d<\/p>\n\n\n\n<figure class=\"wp-block-image size-large\"><img fetchpriority=\"high\" decoding=\"async\" width=\"1024\" height=\"576\" src=\"https:\/\/intellerzone.com\/wp-content\/uploads\/2025\/04\/image-9-1024x576.png\" alt=\"\" class=\"wp-image-1769\" srcset=\"https:\/\/intellerzone.com\/wp-content\/uploads\/2025\/04\/image-9-1024x576.png 1024w, https:\/\/intellerzone.com\/wp-content\/uploads\/2025\/04\/image-9-300x169.png 300w, https:\/\/intellerzone.com\/wp-content\/uploads\/2025\/04\/image-9-768x432.png 768w, https:\/\/intellerzone.com\/wp-content\/uploads\/2025\/04\/image-9-18x10.png 18w, https:\/\/intellerzone.com\/wp-content\/uploads\/2025\/04\/image-9-640x360.png 640w, https:\/\/intellerzone.com\/wp-content\/uploads\/2025\/04\/image-9.png 1280w\" sizes=\"(max-width: 1024px) 100vw, 1024px\" \/><\/figure>\n\n\n\n<h2 class=\"wp-block-heading\">Geri D\u00f6n\u00fc\u015f Ger\u00e7ek Mi, Yoksa Sadece Taklit Mi?<\/h2>\n\n\n\n<p>Geli\u015ftirilen organizmalar, ulukurtlara genetik olarak \u00e7ok benzese de, <strong>tam anlam\u0131yla orijinal bir t\u00fcr\u00fcn canlanmas\u0131<\/strong> \u015fu an i\u00e7in m\u00fcmk\u00fcn de\u011fil. Bug\u00fcn yap\u0131lan \u015fey, modern bir kurt veya k\u00f6pek t\u00fcr\u00fcn\u00fcn genetik olarak de\u011fi\u015ftirilip, ulukurda benzetilmesinden ibaret.<\/p>\n\n\n\n<p>Yani evet, <strong>ulukurtlar \u2018bilimsel olarak\u2019 geri d\u00f6n\u00fcyor olabilir<\/strong>, ama bu onlar\u0131n do\u011fal formda do\u011faya sal\u0131nd\u0131\u011f\u0131 anlam\u0131na gelmiyor.<\/p>\n\n\n\n<h2 class=\"wp-block-heading\">Peki Neden Geri Getiriliyorlar?<\/h2>\n\n\n\n<p>Soyu t\u00fckenmi\u015f t\u00fcrlerin geri getirilmesi, bilimde \u201c<strong>de-extinction<\/strong>\u201d (yeniden canland\u0131rma) olarak adland\u0131r\u0131l\u0131r. Bu \u00e7al\u0131\u015fmalar\u0131n amac\u0131 sadece nostaljik ya da merak gidermek de\u011fil. Ayn\u0131 zamanda:<\/p>\n\n\n\n<ul class=\"wp-block-list\">\n<li><strong>Ekosistem restorasyonu<\/strong>,<\/li>\n\n\n\n<li><strong>\u0130klim de\u011fi\u015fikli\u011fiyle m\u00fccadele<\/strong>,<\/li>\n\n\n\n<li><strong>Genetik \u00e7e\u015fitlili\u011fin art\u0131r\u0131lmas\u0131<\/strong> gibi alanlarda ciddi katk\u0131lar sa\u011flama potansiyeline sahipler.<\/li>\n<\/ul>\n\n\n\n<h2 class=\"wp-block-heading\">Pop\u00fcler K\u00fclt\u00fcr ve Ulukurtlar<\/h2>\n\n\n\n<p>Game of Thrones dizisinde Stark ailesiyle \u00f6zde\u015fle\u015fen &#8220;direwolves&#8221; (ulukurtlar), asl\u0131nda bu tarihi t\u00fcre dayanmaktad\u0131r. Bu y\u00fczden bir\u00e7ok ki\u015fi haberleri g\u00f6r\u00fcnce &#8220;kurgu ger\u00e7ek mi oluyor?&#8221; diye d\u00fc\u015f\u00fcnd\u00fc. Ancak ger\u00e7ek bilim, dizilerden \u00e7ok daha karma\u015f\u0131k ve dikkatli ilerliyor.<\/p>\n\n\n\n<h2 class=\"wp-block-heading\">Sonu\u00e7: Ulukurtlar Geri Mi D\u00f6nd\u00fc?<\/h2>\n\n\n\n<p>K\u0131sacas\u0131: <strong>Hay\u0131r, ger\u00e7ek ulukurtlar do\u011faya geri d\u00f6nmedi.<\/strong><br>Ama: <strong>Evet, onlar\u0131n genetik izleri laboratuvarda yeniden canland\u0131r\u0131l\u0131yor.<\/strong><\/p>\n\n\n\n<p>Bu geli\u015fmeler, gelecekte soyu t\u00fckenmi\u015f t\u00fcrlerin yeniden hayata d\u00f6nd\u00fcr\u00fclmesinin kap\u0131s\u0131n\u0131 aralayabilir. Ancak bu s\u00fcre\u00e7te etik, ekolojik ve bilimsel sorumluluklar da g\u00f6z ard\u0131 edilmemeli.<\/p>\n\n\n\n<hr class=\"wp-block-separator has-alpha-channel-opacity\"\/>\n\n\n\n<p>Emojilerle tepki ver!<\/p>","protected":false},"excerpt":{"rendered":"<p>Son g\u00fcnlerde hem bilim d\u00fcnyas\u0131nda hem de&#8230;<\/p>","protected":false},"author":2,"featured_media":1767,"comment_status":"open","ping_status":"closed","sticky":false,"template":"","format":"standard","meta":{"_themeisle_gutenberg_block_has_review":false,"_jetpack_memberships_contains_paid_content":false,"footnotes":""},"categories":[4],"tags":[3007,3002,3015,2999,3012,3001,2954,3004,2997,2998],"class_list":["post-1766","post","type-post","status-publish","format-standard","has-post-thumbnail","hentry","category-bilim","tag-bilim-haberleri","tag-crispr","tag-dire-wolf-tr","tag-freertos","tag-game-of-thrones-ulukurt","tag-genetik-muhendisligi","tag-gomulu-sistemler","tag-paleogenetik","tag-soyu-tukenmis-hayvanlar","tag-ulukurtlar"],"yoast_head":"<!-- This site is optimized with the Yoast SEO plugin v25.9 - https:\/\/yoast.com\/wordpress\/plugins\/seo\/ -->\n<title>Ulukurtlar Geri Mi D\u00f6nd\u00fc? Bilimin S\u0131n\u0131rlar\u0131n\u0131 Zorlayan Geli\u015fme - Intellerzone<\/title>\n<meta name=\"description\" content=\"Nesli t\u00fckenen ulukurtlar geri mi d\u00f6n\u00fcyor? Genetik bilimdeki son geli\u015fmelerle laboratuvarda yeniden canland\u0131r\u0131lan ulukurtlar\u0131n gizemli yolculu\u011funu ke\u015ffedin.\" \/>\n<meta name=\"robots\" content=\"index, follow, max-snippet:-1, max-image-preview:large, max-video-preview:-1\" \/>\n<link rel=\"canonical\" href=\"https:\/\/intellerzone.com\/tr\/ulukurtlar-geri-mi-dondu-bilimin-sinirlarini-zorlayan-gelisme\/\" \/>\n<meta property=\"og:locale\" content=\"tr_TR\" \/>\n<meta property=\"og:type\" content=\"article\" \/>\n<meta property=\"og:title\" content=\"Ulukurtlar Geri Mi D\u00f6nd\u00fc? Bilimin S\u0131n\u0131rlar\u0131n\u0131 Zorlayan Geli\u015fme - Intellerzone\" \/>\n<meta property=\"og:description\" content=\"Nesli t\u00fckenen ulukurtlar geri mi d\u00f6n\u00fcyor? Genetik bilimdeki son geli\u015fmelerle laboratuvarda yeniden canland\u0131r\u0131lan ulukurtlar\u0131n gizemli yolculu\u011funu ke\u015ffedin.\" \/>\n<meta property=\"og:url\" content=\"https:\/\/intellerzone.com\/tr\/ulukurtlar-geri-mi-dondu-bilimin-sinirlarini-zorlayan-gelisme\/\" \/>\n<meta property=\"og:site_name\" content=\"Intellerzone\" \/>\n<meta property=\"article:published_time\" content=\"2025-04-20T13:00:00+00:00\" \/>\n<meta property=\"article:modified_time\" content=\"2025-05-20T23:14:12+00:00\" \/>\n<meta property=\"og:image\" content=\"https:\/\/intellerzone.com\/wp-content\/uploads\/2025\/04\/image-7.png\" \/>\n\t<meta property=\"og:image:width\" content=\"1400\" \/>\n\t<meta property=\"og:image:height\" content=\"700\" \/>\n\t<meta property=\"og:image:type\" content=\"image\/png\" \/>\n<meta name=\"author\" content=\"Editor\" \/>\n<meta name=\"twitter:card\" content=\"summary_large_image\" \/>\n<meta name=\"twitter:creator\" content=\"@Intellerzone\" \/>\n<meta name=\"twitter:site\" content=\"@Intellerzone\" \/>\n<meta name=\"twitter:label1\" content=\"Yazan:\" \/>\n\t<meta name=\"twitter:data1\" content=\"Editor\" \/>\n\t<meta name=\"twitter:label2\" content=\"Tahmini okuma s\u00fcresi\" \/>\n\t<meta name=\"twitter:data2\" content=\"3 dakika\" \/>\n<script type=\"application\/ld+json\" class=\"yoast-schema-graph\">{\"@context\":\"https:\/\/schema.org\",\"@graph\":[{\"@type\":\"Article\",\"@id\":\"https:\/\/intellerzone.com\/tr\/ulukurtlar-geri-mi-dondu-bilimin-sinirlarini-zorlayan-gelisme\/#article\",\"isPartOf\":{\"@id\":\"https:\/\/intellerzone.com\/tr\/ulukurtlar-geri-mi-dondu-bilimin-sinirlarini-zorlayan-gelisme\/\"},\"author\":{\"name\":\"Editor\",\"@id\":\"https:\/\/intellerzone.com\/tr\/#\/schema\/person\/69bed2f1196816debc4944ff96f238a4\"},\"headline\":\"Ulukurtlar Geri Mi D\u00f6nd\u00fc? Bilimin S\u0131n\u0131rlar\u0131n\u0131 Zorlayan Geli\u015fme\",\"datePublished\":\"2025-04-20T13:00:00+00:00\",\"dateModified\":\"2025-05-20T23:14:12+00:00\",\"mainEntityOfPage\":{\"@id\":\"https:\/\/intellerzone.com\/tr\/ulukurtlar-geri-mi-dondu-bilimin-sinirlarini-zorlayan-gelisme\/\"},\"wordCount\":550,\"commentCount\":0,\"publisher\":{\"@id\":\"https:\/\/intellerzone.com\/tr\/#organization\"},\"image\":{\"@id\":\"https:\/\/intellerzone.com\/tr\/ulukurtlar-geri-mi-dondu-bilimin-sinirlarini-zorlayan-gelisme\/#primaryimage\"},\"thumbnailUrl\":\"https:\/\/intellerzone.com\/wp-content\/uploads\/2025\/04\/image-7.png\",\"keywords\":[\"bilim haberleri\",\"CRISPR\",\"dire wolf\",\"freeRTOS\",\"Game of Thrones ulukurt\",\"genetik m\u00fchendisli\u011fi\",\"g\u00f6m\u00fcl\u00fc sistemler\",\"paleogenetik\",\"soyu t\u00fckenmi\u015f hayvanlar\",\"ulukurtlar\"],\"articleSection\":[\"B\u0130L\u0130M\"],\"inLanguage\":\"tr\",\"potentialAction\":[{\"@type\":\"CommentAction\",\"name\":\"Comment\",\"target\":[\"https:\/\/intellerzone.com\/tr\/ulukurtlar-geri-mi-dondu-bilimin-sinirlarini-zorlayan-gelisme\/#respond\"]}]},{\"@type\":\"WebPage\",\"@id\":\"https:\/\/intellerzone.com\/tr\/ulukurtlar-geri-mi-dondu-bilimin-sinirlarini-zorlayan-gelisme\/\",\"url\":\"https:\/\/intellerzone.com\/tr\/ulukurtlar-geri-mi-dondu-bilimin-sinirlarini-zorlayan-gelisme\/\",\"name\":\"Ulukurtlar Geri Mi D\u00f6nd\u00fc? Bilimin S\u0131n\u0131rlar\u0131n\u0131 Zorlayan Geli\u015fme - Intellerzone\",\"isPartOf\":{\"@id\":\"https:\/\/intellerzone.com\/tr\/#website\"},\"primaryImageOfPage\":{\"@id\":\"https:\/\/intellerzone.com\/tr\/ulukurtlar-geri-mi-dondu-bilimin-sinirlarini-zorlayan-gelisme\/#primaryimage\"},\"image\":{\"@id\":\"https:\/\/intellerzone.com\/tr\/ulukurtlar-geri-mi-dondu-bilimin-sinirlarini-zorlayan-gelisme\/#primaryimage\"},\"thumbnailUrl\":\"https:\/\/intellerzone.com\/wp-content\/uploads\/2025\/04\/image-7.png\",\"datePublished\":\"2025-04-20T13:00:00+00:00\",\"dateModified\":\"2025-05-20T23:14:12+00:00\",\"description\":\"Nesli t\u00fckenen ulukurtlar geri mi d\u00f6n\u00fcyor? Genetik bilimdeki son geli\u015fmelerle laboratuvarda yeniden canland\u0131r\u0131lan ulukurtlar\u0131n gizemli yolculu\u011funu ke\u015ffedin.\",\"breadcrumb\":{\"@id\":\"https:\/\/intellerzone.com\/tr\/ulukurtlar-geri-mi-dondu-bilimin-sinirlarini-zorlayan-gelisme\/#breadcrumb\"},\"inLanguage\":\"tr\",\"potentialAction\":[{\"@type\":\"ReadAction\",\"target\":[\"https:\/\/intellerzone.com\/tr\/ulukurtlar-geri-mi-dondu-bilimin-sinirlarini-zorlayan-gelisme\/\"]}]},{\"@type\":\"ImageObject\",\"inLanguage\":\"tr\",\"@id\":\"https:\/\/intellerzone.com\/tr\/ulukurtlar-geri-mi-dondu-bilimin-sinirlarini-zorlayan-gelisme\/#primaryimage\",\"url\":\"https:\/\/intellerzone.com\/wp-content\/uploads\/2025\/04\/image-7.png\",\"contentUrl\":\"https:\/\/intellerzone.com\/wp-content\/uploads\/2025\/04\/image-7.png\",\"width\":1400,\"height\":700},{\"@type\":\"BreadcrumbList\",\"@id\":\"https:\/\/intellerzone.com\/tr\/ulukurtlar-geri-mi-dondu-bilimin-sinirlarini-zorlayan-gelisme\/#breadcrumb\",\"itemListElement\":[{\"@type\":\"ListItem\",\"position\":1,\"name\":\"Anasayfa\",\"item\":\"https:\/\/intellerzone.com\/tr\/\"},{\"@type\":\"ListItem\",\"position\":2,\"name\":\"Ulukurtlar Geri Mi D\u00f6nd\u00fc? Bilimin S\u0131n\u0131rlar\u0131n\u0131 Zorlayan Geli\u015fme\"}]},{\"@type\":\"WebSite\",\"@id\":\"https:\/\/intellerzone.com\/tr\/#website\",\"url\":\"https:\/\/intellerzone.com\/tr\/\",\"name\":\"Intellerzone\",\"description\":\"Entelekt\u00fcellerin #1 Numaral\u0131 Platformu\",\"publisher\":{\"@id\":\"https:\/\/intellerzone.com\/tr\/#organization\"},\"potentialAction\":[{\"@type\":\"SearchAction\",\"target\":{\"@type\":\"EntryPoint\",\"urlTemplate\":\"https:\/\/intellerzone.com\/tr\/?s={search_term_string}\"},\"query-input\":{\"@type\":\"PropertyValueSpecification\",\"valueRequired\":true,\"valueName\":\"search_term_string\"}}],\"inLanguage\":\"tr\"},{\"@type\":\"Organization\",\"@id\":\"https:\/\/intellerzone.com\/tr\/#organization\",\"name\":\"Intellerzone\",\"url\":\"https:\/\/intellerzone.com\/tr\/\",\"logo\":{\"@type\":\"ImageObject\",\"inLanguage\":\"tr\",\"@id\":\"https:\/\/intellerzone.com\/tr\/#\/schema\/logo\/image\/\",\"url\":\"https:\/\/intellerzone.com\/wp-content\/uploads\/2024\/12\/cropped-intellerzone-logo-guncel-3.png\",\"contentUrl\":\"https:\/\/intellerzone.com\/wp-content\/uploads\/2024\/12\/cropped-intellerzone-logo-guncel-3.png\",\"width\":1399,\"height\":207,\"caption\":\"Intellerzone\"},\"image\":{\"@id\":\"https:\/\/intellerzone.com\/tr\/#\/schema\/logo\/image\/\"},\"sameAs\":[\"https:\/\/x.com\/Intellerzone\",\"https:\/\/www.youtube.com\/@Intellerzone\",\"https:\/\/www.instagram.com\/intellerzone\/\"]},{\"@type\":\"Person\",\"@id\":\"https:\/\/intellerzone.com\/tr\/#\/schema\/person\/69bed2f1196816debc4944ff96f238a4\",\"name\":\"Editor\",\"image\":{\"@type\":\"ImageObject\",\"inLanguage\":\"tr\",\"@id\":\"https:\/\/intellerzone.com\/tr\/#\/schema\/person\/image\/\",\"url\":\"https:\/\/intellerzone.com\/wp-content\/litespeed\/avatar\/a7019b0e446250910b53bf8553246488.jpg?ver=1777762850\",\"contentUrl\":\"https:\/\/intellerzone.com\/wp-content\/litespeed\/avatar\/a7019b0e446250910b53bf8553246488.jpg?ver=1777762850\",\"caption\":\"Editor\"},\"url\":\"https:\/\/intellerzone.com\/tr\/author\/editor\/\"}]}<\/script>\n<!-- \/ Yoast SEO plugin. -->","yoast_head_json":{"title":"Ulukurtlar Geri Mi D\u00f6nd\u00fc? Bilimin S\u0131n\u0131rlar\u0131n\u0131 Zorlayan Geli\u015fme - Intellerzone","description":"Nesli t\u00fckenen ulukurtlar geri mi d\u00f6n\u00fcyor? Genetik bilimdeki son geli\u015fmelerle laboratuvarda yeniden canland\u0131r\u0131lan ulukurtlar\u0131n gizemli yolculu\u011funu ke\u015ffedin.","robots":{"index":"index","follow":"follow","max-snippet":"max-snippet:-1","max-image-preview":"max-image-preview:large","max-video-preview":"max-video-preview:-1"},"canonical":"https:\/\/intellerzone.com\/tr\/ulukurtlar-geri-mi-dondu-bilimin-sinirlarini-zorlayan-gelisme\/","og_locale":"tr_TR","og_type":"article","og_title":"Ulukurtlar Geri Mi D\u00f6nd\u00fc? Bilimin S\u0131n\u0131rlar\u0131n\u0131 Zorlayan Geli\u015fme - Intellerzone","og_description":"Nesli t\u00fckenen ulukurtlar geri mi d\u00f6n\u00fcyor? Genetik bilimdeki son geli\u015fmelerle laboratuvarda yeniden canland\u0131r\u0131lan ulukurtlar\u0131n gizemli yolculu\u011funu ke\u015ffedin.","og_url":"https:\/\/intellerzone.com\/tr\/ulukurtlar-geri-mi-dondu-bilimin-sinirlarini-zorlayan-gelisme\/","og_site_name":"Intellerzone","article_published_time":"2025-04-20T13:00:00+00:00","article_modified_time":"2025-05-20T23:14:12+00:00","og_image":[{"width":1400,"height":700,"url":"https:\/\/intellerzone.com\/wp-content\/uploads\/2025\/04\/image-7.png","type":"image\/png"}],"author":"Editor","twitter_card":"summary_large_image","twitter_creator":"@Intellerzone","twitter_site":"@Intellerzone","twitter_misc":{"Yazan:":"Editor","Tahmini okuma s\u00fcresi":"3 dakika"},"schema":{"@context":"https:\/\/schema.org","@graph":[{"@type":"Article","@id":"https:\/\/intellerzone.com\/tr\/ulukurtlar-geri-mi-dondu-bilimin-sinirlarini-zorlayan-gelisme\/#article","isPartOf":{"@id":"https:\/\/intellerzone.com\/tr\/ulukurtlar-geri-mi-dondu-bilimin-sinirlarini-zorlayan-gelisme\/"},"author":{"name":"Editor","@id":"https:\/\/intellerzone.com\/tr\/#\/schema\/person\/69bed2f1196816debc4944ff96f238a4"},"headline":"Ulukurtlar Geri Mi D\u00f6nd\u00fc? Bilimin S\u0131n\u0131rlar\u0131n\u0131 Zorlayan Geli\u015fme","datePublished":"2025-04-20T13:00:00+00:00","dateModified":"2025-05-20T23:14:12+00:00","mainEntityOfPage":{"@id":"https:\/\/intellerzone.com\/tr\/ulukurtlar-geri-mi-dondu-bilimin-sinirlarini-zorlayan-gelisme\/"},"wordCount":550,"commentCount":0,"publisher":{"@id":"https:\/\/intellerzone.com\/tr\/#organization"},"image":{"@id":"https:\/\/intellerzone.com\/tr\/ulukurtlar-geri-mi-dondu-bilimin-sinirlarini-zorlayan-gelisme\/#primaryimage"},"thumbnailUrl":"https:\/\/intellerzone.com\/wp-content\/uploads\/2025\/04\/image-7.png","keywords":["bilim haberleri","CRISPR","dire wolf","freeRTOS","Game of Thrones ulukurt","genetik m\u00fchendisli\u011fi","g\u00f6m\u00fcl\u00fc sistemler","paleogenetik","soyu t\u00fckenmi\u015f hayvanlar","ulukurtlar"],"articleSection":["B\u0130L\u0130M"],"inLanguage":"tr","potentialAction":[{"@type":"CommentAction","name":"Comment","target":["https:\/\/intellerzone.com\/tr\/ulukurtlar-geri-mi-dondu-bilimin-sinirlarini-zorlayan-gelisme\/#respond"]}]},{"@type":"WebPage","@id":"https:\/\/intellerzone.com\/tr\/ulukurtlar-geri-mi-dondu-bilimin-sinirlarini-zorlayan-gelisme\/","url":"https:\/\/intellerzone.com\/tr\/ulukurtlar-geri-mi-dondu-bilimin-sinirlarini-zorlayan-gelisme\/","name":"Ulukurtlar Geri Mi D\u00f6nd\u00fc? Bilimin S\u0131n\u0131rlar\u0131n\u0131 Zorlayan Geli\u015fme - Intellerzone","isPartOf":{"@id":"https:\/\/intellerzone.com\/tr\/#website"},"primaryImageOfPage":{"@id":"https:\/\/intellerzone.com\/tr\/ulukurtlar-geri-mi-dondu-bilimin-sinirlarini-zorlayan-gelisme\/#primaryimage"},"image":{"@id":"https:\/\/intellerzone.com\/tr\/ulukurtlar-geri-mi-dondu-bilimin-sinirlarini-zorlayan-gelisme\/#primaryimage"},"thumbnailUrl":"https:\/\/intellerzone.com\/wp-content\/uploads\/2025\/04\/image-7.png","datePublished":"2025-04-20T13:00:00+00:00","dateModified":"2025-05-20T23:14:12+00:00","description":"Nesli t\u00fckenen ulukurtlar geri mi d\u00f6n\u00fcyor? Genetik bilimdeki son geli\u015fmelerle laboratuvarda yeniden canland\u0131r\u0131lan ulukurtlar\u0131n gizemli yolculu\u011funu ke\u015ffedin.","breadcrumb":{"@id":"https:\/\/intellerzone.com\/tr\/ulukurtlar-geri-mi-dondu-bilimin-sinirlarini-zorlayan-gelisme\/#breadcrumb"},"inLanguage":"tr","potentialAction":[{"@type":"ReadAction","target":["https:\/\/intellerzone.com\/tr\/ulukurtlar-geri-mi-dondu-bilimin-sinirlarini-zorlayan-gelisme\/"]}]},{"@type":"ImageObject","inLanguage":"tr","@id":"https:\/\/intellerzone.com\/tr\/ulukurtlar-geri-mi-dondu-bilimin-sinirlarini-zorlayan-gelisme\/#primaryimage","url":"https:\/\/intellerzone.com\/wp-content\/uploads\/2025\/04\/image-7.png","contentUrl":"https:\/\/intellerzone.com\/wp-content\/uploads\/2025\/04\/image-7.png","width":1400,"height":700},{"@type":"BreadcrumbList","@id":"https:\/\/intellerzone.com\/tr\/ulukurtlar-geri-mi-dondu-bilimin-sinirlarini-zorlayan-gelisme\/#breadcrumb","itemListElement":[{"@type":"ListItem","position":1,"name":"Anasayfa","item":"https:\/\/intellerzone.com\/tr\/"},{"@type":"ListItem","position":2,"name":"Ulukurtlar Geri Mi D\u00f6nd\u00fc? Bilimin S\u0131n\u0131rlar\u0131n\u0131 Zorlayan Geli\u015fme"}]},{"@type":"WebSite","@id":"https:\/\/intellerzone.com\/tr\/#website","url":"https:\/\/intellerzone.com\/tr\/","name":"Intellerzone","description":"Entelekt\u00fcellerin #1 Numaral\u0131 Platformu","publisher":{"@id":"https:\/\/intellerzone.com\/tr\/#organization"},"potentialAction":[{"@type":"SearchAction","target":{"@type":"EntryPoint","urlTemplate":"https:\/\/intellerzone.com\/tr\/?s={search_term_string}"},"query-input":{"@type":"PropertyValueSpecification","valueRequired":true,"valueName":"search_term_string"}}],"inLanguage":"tr"},{"@type":"Organization","@id":"https:\/\/intellerzone.com\/tr\/#organization","name":"Intellerzone","url":"https:\/\/intellerzone.com\/tr\/","logo":{"@type":"ImageObject","inLanguage":"tr","@id":"https:\/\/intellerzone.com\/tr\/#\/schema\/logo\/image\/","url":"https:\/\/intellerzone.com\/wp-content\/uploads\/2024\/12\/cropped-intellerzone-logo-guncel-3.png","contentUrl":"https:\/\/intellerzone.com\/wp-content\/uploads\/2024\/12\/cropped-intellerzone-logo-guncel-3.png","width":1399,"height":207,"caption":"Intellerzone"},"image":{"@id":"https:\/\/intellerzone.com\/tr\/#\/schema\/logo\/image\/"},"sameAs":["https:\/\/x.com\/Intellerzone","https:\/\/www.youtube.com\/@Intellerzone","https:\/\/www.instagram.com\/intellerzone\/"]},{"@type":"Person","@id":"https:\/\/intellerzone.com\/tr\/#\/schema\/person\/69bed2f1196816debc4944ff96f238a4","name":"Editor","image":{"@type":"ImageObject","inLanguage":"tr","@id":"https:\/\/intellerzone.com\/tr\/#\/schema\/person\/image\/","url":"https:\/\/intellerzone.com\/wp-content\/litespeed\/avatar\/a7019b0e446250910b53bf8553246488.jpg?ver=1777762850","contentUrl":"https:\/\/intellerzone.com\/wp-content\/litespeed\/avatar\/a7019b0e446250910b53bf8553246488.jpg?ver=1777762850","caption":"Editor"},"url":"https:\/\/intellerzone.com\/tr\/author\/editor\/"}]}},"jetpack_featured_media_url":"https:\/\/intellerzone.com\/wp-content\/uploads\/2025\/04\/image-7.png","jetpack_sharing_enabled":true,"_links":{"self":[{"href":"https:\/\/intellerzone.com\/tr\/wp-json\/wp\/v2\/posts\/1766","targetHints":{"allow":["GET"]}}],"collection":[{"href":"https:\/\/intellerzone.com\/tr\/wp-json\/wp\/v2\/posts"}],"about":[{"href":"https:\/\/intellerzone.com\/tr\/wp-json\/wp\/v2\/types\/post"}],"author":[{"embeddable":true,"href":"https:\/\/intellerzone.com\/tr\/wp-json\/wp\/v2\/users\/2"}],"replies":[{"embeddable":true,"href":"https:\/\/intellerzone.com\/tr\/wp-json\/wp\/v2\/comments?post=1766"}],"version-history":[{"count":2,"href":"https:\/\/intellerzone.com\/tr\/wp-json\/wp\/v2\/posts\/1766\/revisions"}],"predecessor-version":[{"id":1834,"href":"https:\/\/intellerzone.com\/tr\/wp-json\/wp\/v2\/posts\/1766\/revisions\/1834"}],"wp:featuredmedia":[{"embeddable":true,"href":"https:\/\/intellerzone.com\/tr\/wp-json\/wp\/v2\/media\/1767"}],"wp:attachment":[{"href":"https:\/\/intellerzone.com\/tr\/wp-json\/wp\/v2\/media?parent=1766"}],"wp:term":[{"taxonomy":"category","embeddable":true,"href":"https:\/\/intellerzone.com\/tr\/wp-json\/wp\/v2\/categories?post=1766"},{"taxonomy":"post_tag","embeddable":true,"href":"https:\/\/intellerzone.com\/tr\/wp-json\/wp\/v2\/tags?post=1766"}],"curies":[{"name":"wp","href":"https:\/\/api.w.org\/{rel}","templated":true}]}}