{"id":2641,"date":"2025-09-27T16:15:52","date_gmt":"2025-09-27T16:15:52","guid":{"rendered":"https:\/\/intellerzone.com\/?p=2641"},"modified":"2025-09-27T16:15:54","modified_gmt":"2025-09-27T16:15:54","slug":"fotograf-makinesi-tarihcesi-nasil-calisir-analogdan-dijitale","status":"publish","type":"post","link":"https:\/\/intellerzone.com\/tr\/fotograf-makinesi-tarihcesi-nasil-calisir-analogdan-dijitale\/","title":{"rendered":"Foto\u011fraf Makinesi: Tarih\u00e7esi, Nas\u0131l \u00c7al\u0131\u015f\u0131r, Analogdan Dijitale"},"content":{"rendered":"<p>Foto\u011fraf makinesi, bir an\u0131 <strong>\u00f6l\u00fcms\u00fczle\u015ftirme arac\u0131<\/strong> olarak hayat\u0131m\u0131za girdi\u011finde, insanl\u0131k tarihindeki en \u00e7arp\u0131c\u0131 icatlardan biri oldu. I\u015f\u0131kla g\u00f6r\u00fcnt\u00fc yakalamak, hem fizik hem kimya bilgisi gerektiren bir s\u00fcre\u00e7tir ve g\u00fcn\u00fcm\u00fczde dijital teknolojilerle inan\u0131lmaz bir h\u0131z ve do\u011frulukla ger\u00e7ekle\u015fiyor. \u0130\u015fte foto\u011fraf\u0131n ortaya \u00e7\u0131k\u0131\u015f\u0131, geli\u015fimi ve modern kameralar\u0131n \u00e7al\u0131\u015fma mant\u0131\u011f\u0131na dair kapsaml\u0131 rehber.<\/p>\n\n\n\n<h2 class=\"wp-block-heading\">Foto\u011fraf Makinesi Fikri ve Tarihsel \u0130lerleyi\u015f<\/h2>\n\n\n\n<ul class=\"wp-block-list\">\n<li><strong>Kamera Obscura (1500\u2019ler):<\/strong>\n<ul class=\"wp-block-list\">\n<li>Temel fikir: karanl\u0131k bir kutuda k\u00fc\u00e7\u00fck delikten ge\u00e7en \u0131\u015f\u0131k bir duvara yans\u0131r, d\u0131\u015far\u0131daki g\u00f6r\u00fcnt\u00fc ters ve k\u00fc\u00e7\u00fclt\u00fclm\u00fc\u015f olarak i\u00e7 duvarda g\u00f6r\u00fcl\u00fcr.<\/li>\n<\/ul>\n<\/li>\n\n\n\n<li><strong>\u0130lk Foto\u011fraf (1826, Nic\u00e9phore Ni\u00e9pce):<\/strong>\n<ul class=\"wp-block-list\">\n<li>\u201cHeliografi\u201d tekni\u011fiyle <strong>asfalt kapl\u0131 metal plakaya \u0131\u015f\u0131k d\u00fc\u015f\u00fcr\u00fclerek g\u00f6r\u00fcnt\u00fc kaydedildi<\/strong>.<\/li>\n\n\n\n<li>Poz s\u00fcresi saatler s\u00fcrd\u00fc.<\/li>\n<\/ul>\n<\/li>\n\n\n\n<li><strong>Louis Daguerre (1839):<\/strong> Daguerreotype\n<ul class=\"wp-block-list\">\n<li>\u0130lk pratik foto\u011fraf y\u00f6ntemi: g\u00fcm\u00fc\u015f kapl\u0131 bak\u0131r levha \u2192 iyot buhar\u0131 \u2192 \u0131\u015f\u0131\u011fa duyarl\u0131 y\u00fczey.<\/li>\n<\/ul>\n<\/li>\n\n\n\n<li><strong>William Henry Fox Talbot (1841):<\/strong> Kalotip \/ negatif-pozitif y\u00f6ntemi\n<ul class=\"wp-block-list\">\n<li>Negatif film kavram\u0131n\u0131 ortaya att\u0131: birden \u00e7ok pozitif bask\u0131 almak m\u00fcmk\u00fcn oldu.<\/li>\n<\/ul>\n<\/li>\n<\/ul>\n\n\n\n<h2 class=\"wp-block-heading\">Analog Foto\u011fraf Makineleri<\/h2>\n\n\n\n<h3 class=\"wp-block-heading\">a) Filmli Kameralar<\/h3>\n\n\n\n<ul class=\"wp-block-list\">\n<li>35 mm, orta ve b\u00fcy\u00fck format film kullan\u0131r.<\/li>\n\n\n\n<li>Film, \u0131\u015f\u0131\u011fa duyarl\u0131 <strong>g\u00fcm\u00fc\u015f tuzlar\u0131 ve renk katmanlar\u0131<\/strong> i\u00e7erir.<\/li>\n\n\n\n<li><strong>Negatif G\u00f6r\u00fcnt\u00fc:<\/strong>\n<ul class=\"wp-block-list\">\n<li>I\u015f\u0131k fazla gelen alan koyu, az gelen a\u00e7\u0131k \u2192 ters tonlar olu\u015fur.<\/li>\n<\/ul>\n<\/li>\n\n\n\n<li><strong>Pozitif Bask\u0131:<\/strong>\n<ul class=\"wp-block-list\">\n<li>Negatif filmden \u0131\u015f\u0131k ge\u00e7irilir, koyu alan az \u0131\u015f\u0131k \u2192 ka\u011f\u0131tta a\u00e7\u0131k, a\u00e7\u0131k alan \u00e7ok \u0131\u015f\u0131k \u2192 ka\u011f\u0131tta koyu<\/li>\n<\/ul>\n<\/li>\n\n\n\n<li><strong>Renkli Film:<\/strong>\n<ul class=\"wp-block-list\">\n<li>Filmde \u00fc\u00e7 katman vard\u0131r:\n<ol class=\"wp-block-list\">\n<li>K\u0131rm\u0131z\u0131ya duyarl\u0131 \u2192 Cyan (camg\u00f6be\u011fi) boya<\/li>\n\n\n\n<li>Ye\u015file duyarl\u0131 \u2192 Magenta boya<\/li>\n\n\n\n<li>Maviye duyarl\u0131 \u2192 Sar\u0131 boya<\/li>\n<\/ol>\n<\/li>\n\n\n\n<li>Banyo s\u00fcrecinde kimyasallar, her katmandaki \u0131\u015f\u0131k bilgisine g\u00f6re do\u011fru renkleri olu\u015fturur.<\/li>\n<\/ul>\n<\/li>\n<\/ul>\n\n\n\n<h3 class=\"wp-block-heading\">b) An\u0131nda Foto\u011fraf Veren Kameralar (Polaroid, Instax)<\/h3>\n\n\n\n<ul class=\"wp-block-list\">\n<li>Film i\u00e7inde <strong>banyo ve pozitif s\u00fcre\u00e7leri otomatik<\/strong> ger\u00e7ekle\u015fir.<\/li>\n\n\n\n<li>Foto\u011fraf \u00e7ekildi\u011finde:\n<ul class=\"wp-block-list\">\n<li>Negatif benzeri g\u00f6r\u00fcnt\u00fc olu\u015fur<\/li>\n\n\n\n<li>Kimya film i\u00e7inde \u00e7al\u0131\u015f\u0131r \u2192 renkli pozitif g\u00f6r\u00fcnt\u00fc an\u0131nda g\u00f6r\u00fcn\u00fcr<\/li>\n<\/ul>\n<\/li>\n<\/ul>\n\n\n\n<h3 class=\"wp-block-heading\">c) Banyo ve Kimya S\u00fcreci<\/h3>\n\n\n\n<ol class=\"wp-block-list\">\n<li><strong>Geli\u015ftirici:<\/strong> Gizli g\u00f6r\u00fcnt\u00fcy\u00fc g\u00f6r\u00fcn\u00fcr h\u00e2le getirir<\/li>\n\n\n\n<li><strong>Durulama \/ Stop bath:<\/strong> Tepkiyi durdurur<\/li>\n\n\n\n<li><strong>Renkli kimyasal tepkimeler:<\/strong> Katmanlar kendi renk boyalar\u0131n\u0131 \u00fcretir<\/li>\n\n\n\n<li><strong>Sabitleyici:<\/strong> Kal\u0131c\u0131l\u0131\u011f\u0131 sa\u011flar<\/li>\n\n\n\n<li><strong>Negatiften Pozitif:<\/strong> Ka\u011f\u0131da \u0131\u015f\u0131k ge\u00e7irerek ger\u00e7ek ton ve renkler elde edilir<\/li>\n\n\n\n<li><strong>Karanl\u0131k oda:<\/strong> Foto\u011fraf ka\u011f\u0131d\u0131n\u0131 g\u00f6rebilmek i\u00e7in kullan\u0131l\u0131r, filmi bozmaz<\/li>\n<\/ol>\n\n\n\n<blockquote class=\"wp-block-quote is-layout-flow wp-block-quote-is-layout-flow\">\n<p>\u00d6zetle: <strong>Analog foto\u011fraf\u00e7\u0131l\u0131k hem fizik hem kimya i\u00e7erir.<\/strong><\/p>\n<\/blockquote>\n\n\n\n<h2 class=\"wp-block-heading\">Dijital Kameralar\u0131n Ortaya \u00c7\u0131k\u0131\u015f\u0131<\/h2>\n\n\n\n<ul class=\"wp-block-list\">\n<li>1975: <strong>Kodak m\u00fchendisleri Steven Sasson ve ekibi<\/strong>, ilk dijital kamera prototipini geli\u015ftirdi.<\/li>\n\n\n\n<li>Film yerine <strong>CCD sens\u00f6rleri<\/strong> kullanarak \u0131\u015f\u0131\u011f\u0131 elektronik sinyallere d\u00f6n\u00fc\u015ft\u00fcrd\u00fcler.<\/li>\n\n\n\n<li>Sens\u00f6r, \u0131\u015f\u0131\u011f\u0131 her pikselde \u00f6l\u00e7er ve RGB filtreleri ile renk bilgisi kaydedilir.<\/li>\n\n\n\n<li>Yaz\u0131l\u0131m, ham veriyi i\u015fleyip pozitif, renkli ve net g\u00f6r\u00fcnt\u00fc olu\u015fturur.<\/li>\n<\/ul>\n\n\n\n<h2 class=\"wp-block-heading\">Dijitalde Kimya Yerine Elektronik<\/h2>\n\n\n\n<ul class=\"wp-block-list\">\n<li>Analog: \u0131\u015f\u0131k \u2192 kimya \u2192 g\u00f6r\u00fcnt\u00fc<\/li>\n\n\n\n<li>Dijital: \u0131\u015f\u0131k \u2192 sens\u00f6r \u2192 elektrik \u2192 yaz\u0131l\u0131m \u2192 g\u00f6r\u00fcnt\u00fc<\/li>\n\n\n\n<li>RGB filtreleri, k\u0131rm\u0131z\u0131\/ye\u015fil\/mavi \u0131\u015f\u0131\u011f\u0131 kaydeder, i\u015flemci bunu <strong>g\u00f6z\u00fcn alg\u0131lad\u0131\u011f\u0131 renkler<\/strong> h\u00e2line getirir.<\/li>\n\n\n\n<li>Bu sayede: an\u0131nda g\u00f6r\u00fcnt\u00fc, y\u00fcksek \u00e7\u00f6z\u00fcn\u00fcrl\u00fck, renk do\u011frulu\u011fu ve d\u00fc\u015f\u00fck \u0131\u015f\u0131k performans\u0131 sa\u011flan\u0131r.<\/li>\n<\/ul>\n\n\n\n<h2 class=\"wp-block-heading\">Modern Dijital Kameralar (2025 Teknolojisi)<\/h2>\n\n\n\n<ul class=\"wp-block-list\">\n<li><strong>Y\u00fcksek \u00e7\u00f6z\u00fcn\u00fcrl\u00fck:<\/strong> 100+ megapiksel sens\u00f6rler<\/li>\n\n\n\n<li><strong>Geli\u015fmi\u015f renk do\u011frulu\u011fu:<\/strong> HDR ve renk algoritmalar\u0131<\/li>\n\n\n\n<li><strong>D\u00fc\u015f\u00fck \u0131\u015f\u0131k performans\u0131:<\/strong> ISO artt\u0131\u011f\u0131nda bile detay kayb\u0131 az<\/li>\n\n\n\n<li><strong>An\u0131nda i\u015fleme:<\/strong> Yapay zek\u00e2 ile renk d\u00fczeltme, netlik art\u0131rma<\/li>\n\n\n\n<li><strong>Video ve foto\u011fraf birle\u015fimi:<\/strong> Foto\u011fraf makinesi art\u0131k ayn\u0131 zamanda profesyonel video \u00e7ekim cihaz\u0131<\/li>\n\n\n\n<li><strong>Sens\u00f6rler ve yaz\u0131l\u0131m birlikte \u00e7al\u0131\u015f\u0131r:<\/strong> I\u015f\u0131k \u00f6l\u00e7\u00fcm\u00fc, renk analizi, pozlama ve kontrast ayarlar\u0131 an\u0131nda yap\u0131l\u0131r<\/li>\n<\/ul>\n\n\n\n<h2 class=\"wp-block-heading\">\u00d6zet Mant\u0131k: Analog vs Dijital<\/h2>\n\n\n\n<figure class=\"wp-block-table\"><table class=\"has-fixed-layout\"><thead><tr><th>Ad\u0131m<\/th><th>Analog<\/th><th>Dijital<\/th><\/tr><\/thead><tbody><tr><td>I\u015f\u0131k alg\u0131s\u0131<\/td><td>G\u00fcm\u00fc\u015f tuzlar\u0131 ve renk katmanlar\u0131<\/td><td>CCD\/CMOS sens\u00f6r pikselleri<\/td><\/tr><tr><td>\u0130lk g\u00f6r\u00fcnt\u00fc<\/td><td>Negatif, g\u00f6r\u00fcnmez<\/td><td>Ham sens\u00f6r verisi, g\u00f6r\u00fcnmez (elektronik)<\/td><\/tr><tr><td>G\u00f6r\u00fcn\u00fcrl\u00fck<\/td><td>Geli\u015ftirici ile g\u00f6r\u00fcn\u00fcr<\/td><td>Sens\u00f6r verisi + yaz\u0131l\u0131m an\u0131nda g\u00f6r\u00fcn\u00fcr<\/td><\/tr><tr><td>Renk olu\u015fumu<\/td><td>Katmanlar ve kimya<\/td><td>RGB filtreleri ve yaz\u0131l\u0131m<\/td><\/tr><tr><td>Pozitif elde etme<\/td><td>Negatiften \u0131\u015f\u0131k ge\u00e7irerek<\/td><td>Yaz\u0131l\u0131m, ekrana veya haf\u0131za kart\u0131na kaydetme<\/td><\/tr><tr><td>Kal\u0131c\u0131l\u0131k<\/td><td>Sabitleyici kimyasallar<\/td><td>Dijital veri veya bask\u0131<\/td><\/tr><\/tbody><\/table><\/figure>\n\n\n\n<h2 class=\"wp-block-heading\">Sonu\u00e7<\/h2>\n\n\n\n<p>Foto\u011fraf makineleri, <strong>insan g\u00f6z\u00fcn\u00fcn g\u00f6rd\u00fc\u011f\u00fcn\u00fc kal\u0131c\u0131 h\u00e2le getirme<\/strong> arzusunun bir \u00fcr\u00fcn\u00fc.<\/p>\n\n\n\n<ul class=\"wp-block-list\">\n<li><strong>Analog makineler:<\/strong> fizik ve kimya ile \u00e7al\u0131\u015f\u0131r, film, negatif ve pozitif s\u00fcreci i\u00e7erir.<\/li>\n\n\n\n<li><strong>Dijital makineler:<\/strong> ayn\u0131 mant\u0131\u011f\u0131 elektronik ve yaz\u0131l\u0131m ile sim\u00fcle eder, an\u0131nda g\u00f6r\u00fcnt\u00fc sa\u011flar.<\/li>\n\n\n\n<li>2025 teknolojisi ile foto\u011fraf makineleri, hem \u00e7\u00f6z\u00fcn\u00fcrl\u00fck hem renk do\u011frulu\u011fu hem de h\u0131z a\u00e7\u0131s\u0131ndan insan\u0131n hayal g\u00fcc\u00fcn\u00fc zorlayan seviyeye ula\u015ft\u0131.<\/li>\n<\/ul>\n\n\n\n<blockquote class=\"wp-block-quote is-layout-flow wp-block-quote-is-layout-flow\">\n<p>Yani foto\u011fraf, sadece bir an\u0131 yakalamak de\u011fil; <strong>\u0131\u015f\u0131\u011f\u0131n, g\u00f6lgelerin, renklerin ve kimyan\u0131n elektronik zek\u00e2 ile bulu\u015ftu\u011fu bir bilim ve sanat harikas\u0131d\u0131r.<\/strong><\/p>\n\n\n\n<hr class=\"wp-block-separator has-alpha-channel-opacity\"\/>\n\n\n\n<p>Emojilerle tepki ver!<\/p>\n<\/blockquote>","protected":false},"excerpt":{"rendered":"<p>Foto\u011fraf makinesi, bir an\u0131 \u00f6l\u00fcms\u00fczle\u015ftirme arac\u0131 olarak&#8230;<\/p>","protected":false},"author":2,"featured_media":2643,"comment_status":"open","ping_status":"closed","sticky":false,"template":"","format":"standard","meta":{"_themeisle_gutenberg_block_has_review":false,"_jetpack_memberships_contains_paid_content":false,"footnotes":""},"categories":[5],"tags":[5215,5214,5221,5229,5212,5226,5228,5236,5227,5240,5218,5217,5216,5225,1266],"class_list":["post-2641","post","type-post","status-publish","format-standard","has-post-thumbnail","hentry","category-teknoloji","tag-analog-kamera","tag-dijital-kamera","tag-film","tag-fotograf-cekimi","tag-fotograf-makinesi","tag-fotograf-teknolojisi","tag-goruntu-kaydi","tag-kamera-evrimi","tag-modern-kamera","tag-nasil-calisir","tag-negatif","tag-pozitif","tag-renkli-fotograf","tag-sensor","tag-tarihcesi-tr"],"yoast_head":"<!-- This site is optimized with the Yoast SEO plugin v25.9 - https:\/\/yoast.com\/wordpress\/plugins\/seo\/ -->\n<title>Foto\u011fraf Makinesi: Tarih\u00e7esi, Nas\u0131l \u00c7al\u0131\u015f\u0131r, Analogdan Dijitale - Intellerzone<\/title>\n<meta name=\"description\" content=\"Foto\u011fraf makinesi nas\u0131l \u00e7al\u0131\u015f\u0131r, tarih\u00e7esi, analogdan dijitale, renk ve \u0131\u015f\u0131k s\u00fcreci, modern kameralar\u0131n teknolojik evrimi.\" \/>\n<meta name=\"robots\" content=\"index, follow, max-snippet:-1, max-image-preview:large, max-video-preview:-1\" \/>\n<link rel=\"canonical\" href=\"https:\/\/intellerzone.com\/tr\/fotograf-makinesi-tarihcesi-nasil-calisir-analogdan-dijitale\/\" \/>\n<meta property=\"og:locale\" content=\"tr_TR\" \/>\n<meta property=\"og:type\" content=\"article\" \/>\n<meta property=\"og:title\" content=\"Foto\u011fraf Makinesi: Tarih\u00e7esi, Nas\u0131l \u00c7al\u0131\u015f\u0131r, Analogdan Dijitale - Intellerzone\" \/>\n<meta property=\"og:description\" content=\"Foto\u011fraf makinesi nas\u0131l \u00e7al\u0131\u015f\u0131r, tarih\u00e7esi, analogdan dijitale, renk ve \u0131\u015f\u0131k s\u00fcreci, modern kameralar\u0131n teknolojik evrimi.\" \/>\n<meta property=\"og:url\" content=\"https:\/\/intellerzone.com\/tr\/fotograf-makinesi-tarihcesi-nasil-calisir-analogdan-dijitale\/\" \/>\n<meta property=\"og:site_name\" content=\"Intellerzone\" \/>\n<meta property=\"article:published_time\" content=\"2025-09-27T16:15:52+00:00\" \/>\n<meta property=\"article:modified_time\" content=\"2025-09-27T16:15:54+00:00\" \/>\n<meta property=\"og:image\" content=\"https:\/\/intellerzone.com\/wp-content\/uploads\/2025\/09\/Gemini_Generated_Image_7q5947q5947q5947-1024x559.png\" \/>\n\t<meta property=\"og:image:width\" content=\"1024\" \/>\n\t<meta property=\"og:image:height\" content=\"559\" \/>\n\t<meta property=\"og:image:type\" content=\"image\/png\" \/>\n<meta name=\"author\" content=\"Editor\" \/>\n<meta name=\"twitter:card\" content=\"summary_large_image\" \/>\n<meta name=\"twitter:creator\" content=\"@Intellerzone\" \/>\n<meta name=\"twitter:site\" content=\"@Intellerzone\" \/>\n<meta name=\"twitter:label1\" content=\"Yazan:\" \/>\n\t<meta name=\"twitter:data1\" content=\"Editor\" \/>\n\t<meta name=\"twitter:label2\" content=\"Tahmini okuma s\u00fcresi\" \/>\n\t<meta name=\"twitter:data2\" content=\"3 dakika\" \/>\n<script type=\"application\/ld+json\" class=\"yoast-schema-graph\">{\"@context\":\"https:\/\/schema.org\",\"@graph\":[{\"@type\":\"Article\",\"@id\":\"https:\/\/intellerzone.com\/tr\/fotograf-makinesi-tarihcesi-nasil-calisir-analogdan-dijitale\/#article\",\"isPartOf\":{\"@id\":\"https:\/\/intellerzone.com\/tr\/fotograf-makinesi-tarihcesi-nasil-calisir-analogdan-dijitale\/\"},\"author\":{\"name\":\"Editor\",\"@id\":\"https:\/\/intellerzone.com\/tr\/#\/schema\/person\/69bed2f1196816debc4944ff96f238a4\"},\"headline\":\"Foto\u011fraf Makinesi: Tarih\u00e7esi, Nas\u0131l \u00c7al\u0131\u015f\u0131r, Analogdan Dijitale\",\"datePublished\":\"2025-09-27T16:15:52+00:00\",\"dateModified\":\"2025-09-27T16:15:54+00:00\",\"mainEntityOfPage\":{\"@id\":\"https:\/\/intellerzone.com\/tr\/fotograf-makinesi-tarihcesi-nasil-calisir-analogdan-dijitale\/\"},\"wordCount\":887,\"commentCount\":0,\"publisher\":{\"@id\":\"https:\/\/intellerzone.com\/tr\/#organization\"},\"image\":{\"@id\":\"https:\/\/intellerzone.com\/tr\/fotograf-makinesi-tarihcesi-nasil-calisir-analogdan-dijitale\/#primaryimage\"},\"thumbnailUrl\":\"https:\/\/intellerzone.com\/wp-content\/uploads\/2025\/09\/Gemini_Generated_Image_7q5947q5947q5947.png\",\"keywords\":[\"analog kamera\",\"dijital kamera\",\"film\",\"foto\u011fraf \u00e7ekimi\",\"foto\u011fraf makinesi\",\"foto\u011fraf teknolojisi\",\"g\u00f6r\u00fcnt\u00fc kayd\u0131\",\"kamera evrimi\",\"modern kamera\",\"nas\u0131l \u00e7al\u0131\u015f\u0131r\",\"negatif\",\"pozitif\",\"renkli foto\u011fraf\",\"sens\u00f6r\",\"tarih\u00e7esi\"],\"articleSection\":[\"TEKNOLOJ\u0130\"],\"inLanguage\":\"tr\",\"potentialAction\":[{\"@type\":\"CommentAction\",\"name\":\"Comment\",\"target\":[\"https:\/\/intellerzone.com\/tr\/fotograf-makinesi-tarihcesi-nasil-calisir-analogdan-dijitale\/#respond\"]}]},{\"@type\":\"WebPage\",\"@id\":\"https:\/\/intellerzone.com\/tr\/fotograf-makinesi-tarihcesi-nasil-calisir-analogdan-dijitale\/\",\"url\":\"https:\/\/intellerzone.com\/tr\/fotograf-makinesi-tarihcesi-nasil-calisir-analogdan-dijitale\/\",\"name\":\"Foto\u011fraf Makinesi: Tarih\u00e7esi, Nas\u0131l \u00c7al\u0131\u015f\u0131r, Analogdan Dijitale - Intellerzone\",\"isPartOf\":{\"@id\":\"https:\/\/intellerzone.com\/tr\/#website\"},\"primaryImageOfPage\":{\"@id\":\"https:\/\/intellerzone.com\/tr\/fotograf-makinesi-tarihcesi-nasil-calisir-analogdan-dijitale\/#primaryimage\"},\"image\":{\"@id\":\"https:\/\/intellerzone.com\/tr\/fotograf-makinesi-tarihcesi-nasil-calisir-analogdan-dijitale\/#primaryimage\"},\"thumbnailUrl\":\"https:\/\/intellerzone.com\/wp-content\/uploads\/2025\/09\/Gemini_Generated_Image_7q5947q5947q5947.png\",\"datePublished\":\"2025-09-27T16:15:52+00:00\",\"dateModified\":\"2025-09-27T16:15:54+00:00\",\"description\":\"Foto\u011fraf makinesi nas\u0131l \u00e7al\u0131\u015f\u0131r, tarih\u00e7esi, analogdan dijitale, renk ve \u0131\u015f\u0131k s\u00fcreci, modern kameralar\u0131n teknolojik evrimi.\",\"breadcrumb\":{\"@id\":\"https:\/\/intellerzone.com\/tr\/fotograf-makinesi-tarihcesi-nasil-calisir-analogdan-dijitale\/#breadcrumb\"},\"inLanguage\":\"tr\",\"potentialAction\":[{\"@type\":\"ReadAction\",\"target\":[\"https:\/\/intellerzone.com\/tr\/fotograf-makinesi-tarihcesi-nasil-calisir-analogdan-dijitale\/\"]}]},{\"@type\":\"ImageObject\",\"inLanguage\":\"tr\",\"@id\":\"https:\/\/intellerzone.com\/tr\/fotograf-makinesi-tarihcesi-nasil-calisir-analogdan-dijitale\/#primaryimage\",\"url\":\"https:\/\/intellerzone.com\/wp-content\/uploads\/2025\/09\/Gemini_Generated_Image_7q5947q5947q5947.png\",\"contentUrl\":\"https:\/\/intellerzone.com\/wp-content\/uploads\/2025\/09\/Gemini_Generated_Image_7q5947q5947q5947.png\",\"width\":2816,\"height\":1536},{\"@type\":\"BreadcrumbList\",\"@id\":\"https:\/\/intellerzone.com\/tr\/fotograf-makinesi-tarihcesi-nasil-calisir-analogdan-dijitale\/#breadcrumb\",\"itemListElement\":[{\"@type\":\"ListItem\",\"position\":1,\"name\":\"Anasayfa\",\"item\":\"https:\/\/intellerzone.com\/tr\/\"},{\"@type\":\"ListItem\",\"position\":2,\"name\":\"Foto\u011fraf Makinesi: Tarih\u00e7esi, Nas\u0131l \u00c7al\u0131\u015f\u0131r, Analogdan Dijitale\"}]},{\"@type\":\"WebSite\",\"@id\":\"https:\/\/intellerzone.com\/tr\/#website\",\"url\":\"https:\/\/intellerzone.com\/tr\/\",\"name\":\"Intellerzone\",\"description\":\"Entelekt\u00fcellerin #1 Numaral\u0131 Platformu\",\"publisher\":{\"@id\":\"https:\/\/intellerzone.com\/tr\/#organization\"},\"potentialAction\":[{\"@type\":\"SearchAction\",\"target\":{\"@type\":\"EntryPoint\",\"urlTemplate\":\"https:\/\/intellerzone.com\/tr\/?s={search_term_string}\"},\"query-input\":{\"@type\":\"PropertyValueSpecification\",\"valueRequired\":true,\"valueName\":\"search_term_string\"}}],\"inLanguage\":\"tr\"},{\"@type\":\"Organization\",\"@id\":\"https:\/\/intellerzone.com\/tr\/#organization\",\"name\":\"Intellerzone\",\"url\":\"https:\/\/intellerzone.com\/tr\/\",\"logo\":{\"@type\":\"ImageObject\",\"inLanguage\":\"tr\",\"@id\":\"https:\/\/intellerzone.com\/tr\/#\/schema\/logo\/image\/\",\"url\":\"https:\/\/intellerzone.com\/wp-content\/uploads\/2024\/12\/cropped-intellerzone-logo-guncel-3.png\",\"contentUrl\":\"https:\/\/intellerzone.com\/wp-content\/uploads\/2024\/12\/cropped-intellerzone-logo-guncel-3.png\",\"width\":1399,\"height\":207,\"caption\":\"Intellerzone\"},\"image\":{\"@id\":\"https:\/\/intellerzone.com\/tr\/#\/schema\/logo\/image\/\"},\"sameAs\":[\"https:\/\/x.com\/Intellerzone\",\"https:\/\/www.youtube.com\/@Intellerzone\",\"https:\/\/www.instagram.com\/intellerzone\/\"]},{\"@type\":\"Person\",\"@id\":\"https:\/\/intellerzone.com\/tr\/#\/schema\/person\/69bed2f1196816debc4944ff96f238a4\",\"name\":\"Editor\",\"image\":{\"@type\":\"ImageObject\",\"inLanguage\":\"tr\",\"@id\":\"https:\/\/intellerzone.com\/tr\/#\/schema\/person\/image\/\",\"url\":\"https:\/\/intellerzone.com\/wp-content\/litespeed\/avatar\/a7019b0e446250910b53bf8553246488.jpg?ver=1777762850\",\"contentUrl\":\"https:\/\/intellerzone.com\/wp-content\/litespeed\/avatar\/a7019b0e446250910b53bf8553246488.jpg?ver=1777762850\",\"caption\":\"Editor\"},\"url\":\"https:\/\/intellerzone.com\/tr\/author\/editor\/\"}]}<\/script>\n<!-- \/ Yoast SEO plugin. -->","yoast_head_json":{"title":"Foto\u011fraf Makinesi: Tarih\u00e7esi, Nas\u0131l \u00c7al\u0131\u015f\u0131r, Analogdan Dijitale - Intellerzone","description":"Foto\u011fraf makinesi nas\u0131l \u00e7al\u0131\u015f\u0131r, tarih\u00e7esi, analogdan dijitale, renk ve \u0131\u015f\u0131k s\u00fcreci, modern kameralar\u0131n teknolojik evrimi.","robots":{"index":"index","follow":"follow","max-snippet":"max-snippet:-1","max-image-preview":"max-image-preview:large","max-video-preview":"max-video-preview:-1"},"canonical":"https:\/\/intellerzone.com\/tr\/fotograf-makinesi-tarihcesi-nasil-calisir-analogdan-dijitale\/","og_locale":"tr_TR","og_type":"article","og_title":"Foto\u011fraf Makinesi: Tarih\u00e7esi, Nas\u0131l \u00c7al\u0131\u015f\u0131r, Analogdan Dijitale - Intellerzone","og_description":"Foto\u011fraf makinesi nas\u0131l \u00e7al\u0131\u015f\u0131r, tarih\u00e7esi, analogdan dijitale, renk ve \u0131\u015f\u0131k s\u00fcreci, modern kameralar\u0131n teknolojik evrimi.","og_url":"https:\/\/intellerzone.com\/tr\/fotograf-makinesi-tarihcesi-nasil-calisir-analogdan-dijitale\/","og_site_name":"Intellerzone","article_published_time":"2025-09-27T16:15:52+00:00","article_modified_time":"2025-09-27T16:15:54+00:00","og_image":[{"width":1024,"height":559,"url":"https:\/\/intellerzone.com\/wp-content\/uploads\/2025\/09\/Gemini_Generated_Image_7q5947q5947q5947-1024x559.png","type":"image\/png"}],"author":"Editor","twitter_card":"summary_large_image","twitter_creator":"@Intellerzone","twitter_site":"@Intellerzone","twitter_misc":{"Yazan:":"Editor","Tahmini okuma s\u00fcresi":"3 dakika"},"schema":{"@context":"https:\/\/schema.org","@graph":[{"@type":"Article","@id":"https:\/\/intellerzone.com\/tr\/fotograf-makinesi-tarihcesi-nasil-calisir-analogdan-dijitale\/#article","isPartOf":{"@id":"https:\/\/intellerzone.com\/tr\/fotograf-makinesi-tarihcesi-nasil-calisir-analogdan-dijitale\/"},"author":{"name":"Editor","@id":"https:\/\/intellerzone.com\/tr\/#\/schema\/person\/69bed2f1196816debc4944ff96f238a4"},"headline":"Foto\u011fraf Makinesi: Tarih\u00e7esi, Nas\u0131l \u00c7al\u0131\u015f\u0131r, Analogdan Dijitale","datePublished":"2025-09-27T16:15:52+00:00","dateModified":"2025-09-27T16:15:54+00:00","mainEntityOfPage":{"@id":"https:\/\/intellerzone.com\/tr\/fotograf-makinesi-tarihcesi-nasil-calisir-analogdan-dijitale\/"},"wordCount":887,"commentCount":0,"publisher":{"@id":"https:\/\/intellerzone.com\/tr\/#organization"},"image":{"@id":"https:\/\/intellerzone.com\/tr\/fotograf-makinesi-tarihcesi-nasil-calisir-analogdan-dijitale\/#primaryimage"},"thumbnailUrl":"https:\/\/intellerzone.com\/wp-content\/uploads\/2025\/09\/Gemini_Generated_Image_7q5947q5947q5947.png","keywords":["analog kamera","dijital kamera","film","foto\u011fraf \u00e7ekimi","foto\u011fraf makinesi","foto\u011fraf teknolojisi","g\u00f6r\u00fcnt\u00fc kayd\u0131","kamera evrimi","modern kamera","nas\u0131l \u00e7al\u0131\u015f\u0131r","negatif","pozitif","renkli foto\u011fraf","sens\u00f6r","tarih\u00e7esi"],"articleSection":["TEKNOLOJ\u0130"],"inLanguage":"tr","potentialAction":[{"@type":"CommentAction","name":"Comment","target":["https:\/\/intellerzone.com\/tr\/fotograf-makinesi-tarihcesi-nasil-calisir-analogdan-dijitale\/#respond"]}]},{"@type":"WebPage","@id":"https:\/\/intellerzone.com\/tr\/fotograf-makinesi-tarihcesi-nasil-calisir-analogdan-dijitale\/","url":"https:\/\/intellerzone.com\/tr\/fotograf-makinesi-tarihcesi-nasil-calisir-analogdan-dijitale\/","name":"Foto\u011fraf Makinesi: Tarih\u00e7esi, Nas\u0131l \u00c7al\u0131\u015f\u0131r, Analogdan Dijitale - Intellerzone","isPartOf":{"@id":"https:\/\/intellerzone.com\/tr\/#website"},"primaryImageOfPage":{"@id":"https:\/\/intellerzone.com\/tr\/fotograf-makinesi-tarihcesi-nasil-calisir-analogdan-dijitale\/#primaryimage"},"image":{"@id":"https:\/\/intellerzone.com\/tr\/fotograf-makinesi-tarihcesi-nasil-calisir-analogdan-dijitale\/#primaryimage"},"thumbnailUrl":"https:\/\/intellerzone.com\/wp-content\/uploads\/2025\/09\/Gemini_Generated_Image_7q5947q5947q5947.png","datePublished":"2025-09-27T16:15:52+00:00","dateModified":"2025-09-27T16:15:54+00:00","description":"Foto\u011fraf makinesi nas\u0131l \u00e7al\u0131\u015f\u0131r, tarih\u00e7esi, analogdan dijitale, renk ve \u0131\u015f\u0131k s\u00fcreci, modern kameralar\u0131n teknolojik evrimi.","breadcrumb":{"@id":"https:\/\/intellerzone.com\/tr\/fotograf-makinesi-tarihcesi-nasil-calisir-analogdan-dijitale\/#breadcrumb"},"inLanguage":"tr","potentialAction":[{"@type":"ReadAction","target":["https:\/\/intellerzone.com\/tr\/fotograf-makinesi-tarihcesi-nasil-calisir-analogdan-dijitale\/"]}]},{"@type":"ImageObject","inLanguage":"tr","@id":"https:\/\/intellerzone.com\/tr\/fotograf-makinesi-tarihcesi-nasil-calisir-analogdan-dijitale\/#primaryimage","url":"https:\/\/intellerzone.com\/wp-content\/uploads\/2025\/09\/Gemini_Generated_Image_7q5947q5947q5947.png","contentUrl":"https:\/\/intellerzone.com\/wp-content\/uploads\/2025\/09\/Gemini_Generated_Image_7q5947q5947q5947.png","width":2816,"height":1536},{"@type":"BreadcrumbList","@id":"https:\/\/intellerzone.com\/tr\/fotograf-makinesi-tarihcesi-nasil-calisir-analogdan-dijitale\/#breadcrumb","itemListElement":[{"@type":"ListItem","position":1,"name":"Anasayfa","item":"https:\/\/intellerzone.com\/tr\/"},{"@type":"ListItem","position":2,"name":"Foto\u011fraf Makinesi: Tarih\u00e7esi, Nas\u0131l \u00c7al\u0131\u015f\u0131r, Analogdan Dijitale"}]},{"@type":"WebSite","@id":"https:\/\/intellerzone.com\/tr\/#website","url":"https:\/\/intellerzone.com\/tr\/","name":"Intellerzone","description":"Entelekt\u00fcellerin #1 Numaral\u0131 Platformu","publisher":{"@id":"https:\/\/intellerzone.com\/tr\/#organization"},"potentialAction":[{"@type":"SearchAction","target":{"@type":"EntryPoint","urlTemplate":"https:\/\/intellerzone.com\/tr\/?s={search_term_string}"},"query-input":{"@type":"PropertyValueSpecification","valueRequired":true,"valueName":"search_term_string"}}],"inLanguage":"tr"},{"@type":"Organization","@id":"https:\/\/intellerzone.com\/tr\/#organization","name":"Intellerzone","url":"https:\/\/intellerzone.com\/tr\/","logo":{"@type":"ImageObject","inLanguage":"tr","@id":"https:\/\/intellerzone.com\/tr\/#\/schema\/logo\/image\/","url":"https:\/\/intellerzone.com\/wp-content\/uploads\/2024\/12\/cropped-intellerzone-logo-guncel-3.png","contentUrl":"https:\/\/intellerzone.com\/wp-content\/uploads\/2024\/12\/cropped-intellerzone-logo-guncel-3.png","width":1399,"height":207,"caption":"Intellerzone"},"image":{"@id":"https:\/\/intellerzone.com\/tr\/#\/schema\/logo\/image\/"},"sameAs":["https:\/\/x.com\/Intellerzone","https:\/\/www.youtube.com\/@Intellerzone","https:\/\/www.instagram.com\/intellerzone\/"]},{"@type":"Person","@id":"https:\/\/intellerzone.com\/tr\/#\/schema\/person\/69bed2f1196816debc4944ff96f238a4","name":"Editor","image":{"@type":"ImageObject","inLanguage":"tr","@id":"https:\/\/intellerzone.com\/tr\/#\/schema\/person\/image\/","url":"https:\/\/intellerzone.com\/wp-content\/litespeed\/avatar\/a7019b0e446250910b53bf8553246488.jpg?ver=1777762850","contentUrl":"https:\/\/intellerzone.com\/wp-content\/litespeed\/avatar\/a7019b0e446250910b53bf8553246488.jpg?ver=1777762850","caption":"Editor"},"url":"https:\/\/intellerzone.com\/tr\/author\/editor\/"}]}},"jetpack_featured_media_url":"https:\/\/intellerzone.com\/wp-content\/uploads\/2025\/09\/Gemini_Generated_Image_7q5947q5947q5947.png","jetpack_sharing_enabled":true,"_links":{"self":[{"href":"https:\/\/intellerzone.com\/tr\/wp-json\/wp\/v2\/posts\/2641","targetHints":{"allow":["GET"]}}],"collection":[{"href":"https:\/\/intellerzone.com\/tr\/wp-json\/wp\/v2\/posts"}],"about":[{"href":"https:\/\/intellerzone.com\/tr\/wp-json\/wp\/v2\/types\/post"}],"author":[{"embeddable":true,"href":"https:\/\/intellerzone.com\/tr\/wp-json\/wp\/v2\/users\/2"}],"replies":[{"embeddable":true,"href":"https:\/\/intellerzone.com\/tr\/wp-json\/wp\/v2\/comments?post=2641"}],"version-history":[{"count":1,"href":"https:\/\/intellerzone.com\/tr\/wp-json\/wp\/v2\/posts\/2641\/revisions"}],"predecessor-version":[{"id":2642,"href":"https:\/\/intellerzone.com\/tr\/wp-json\/wp\/v2\/posts\/2641\/revisions\/2642"}],"wp:featuredmedia":[{"embeddable":true,"href":"https:\/\/intellerzone.com\/tr\/wp-json\/wp\/v2\/media\/2643"}],"wp:attachment":[{"href":"https:\/\/intellerzone.com\/tr\/wp-json\/wp\/v2\/media?parent=2641"}],"wp:term":[{"taxonomy":"category","embeddable":true,"href":"https:\/\/intellerzone.com\/tr\/wp-json\/wp\/v2\/categories?post=2641"},{"taxonomy":"post_tag","embeddable":true,"href":"https:\/\/intellerzone.com\/tr\/wp-json\/wp\/v2\/tags?post=2641"}],"curies":[{"name":"wp","href":"https:\/\/api.w.org\/{rel}","templated":true}]}}